{"id":5045,"date":"2025-09-11T21:57:25","date_gmt":"2025-09-11T21:57:25","guid":{"rendered":"https:\/\/www.quinchobarrilete.org.ni\/?p=5045"},"modified":"2025-09-11T22:08:35","modified_gmt":"2025-09-11T22:08:35","slug":"salud-mental-jovenes-adolescentes","status":"publish","type":"post","link":"https:\/\/www.quinchobarrilete.org.ni\/ing\/salud-mental-jovenes-adolescentes\/","title":{"rendered":"Salud mental en j\u00f3venes y adolescentes"},"content":{"rendered":"<div class=\"pdfprnt-buttons pdfprnt-buttons-post pdfprnt-top-bottom-left\"><a href=\"https:\/\/www.quinchobarrilete.org.ni\/ing\/wp-json\/wp\/v2\/posts\/5045?print=pdf\" class=\"pdfprnt-button pdfprnt-button-pdf\" target=\"_blank\" ><span class=\"pdfprnt-button-title pdfprnt-button-pdf-title\">Descarga Art\u00edculo<\/span><\/a><a href=\"https:\/\/www.quinchobarrilete.org.ni\/ing\/wp-json\/wp\/v2\/posts\/5045?print=print\" class=\"pdfprnt-button pdfprnt-button-print\" target=\"_blank\" ><img decoding=\"async\" src=\"https:\/\/www.quinchobarrilete.org.ni\/wp-content\/plugins\/pdf-print\/images\/print.png\" alt=\"image_print\" title=\"Print Content\" \/><\/a><\/div>\n<p>En la <strong>Asociaci\u00f3n Quincho Barrilete<\/strong> sabemos que la <strong>salud mental en j\u00f3venes y adolescentes<\/strong> es un pilar fundamental para su desarrollo integral. Septiembre nos recuerda la importancia de hablar sobre la <strong>prevenci\u00f3n del suicidio<\/strong> y la necesidad de promover espacios donde ni\u00f1as, ni\u00f1os y adolescentes puedan expresarse con confianza y sin miedo a ser juzgados.<\/p>\n\n\n\n<p>La adolescencia es una etapa llena de cambios emocionales, sociales y familiares. Muchas veces, los j\u00f3venes pueden experimentar tristeza profunda, aislamiento o frases que expresan desesperanza. Estos son <strong>se\u00f1ales de alerta<\/strong> que deben ser atendidas con sensibilidad y acompa\u00f1amiento. En AQB trabajamos para que cada ni\u00f1o y adolescente sepa que <strong>no est\u00e1 solo<\/strong> y que siempre hay alguien dispuesto a escuchar.<\/p>\n\n\n\n<p>La <strong>prevenci\u00f3n del suicidio en adolescentes<\/strong> empieza con algo tan sencillo como abrir un espacio de di\u00e1logo. Escuchar, apoyar y orientar puede marcar la diferencia en la vida de un joven. Por eso, desde la Asociaci\u00f3n Quincho Barrilete impulsamos actividades educativas y recreativas que fortalecen la autoestima, los valores y la comunicaci\u00f3n asertiva.<\/p>\n\n\n\n<figure class=\"wp-block-image size-large\"><img fetchpriority=\"high\" decoding=\"async\" width=\"1024\" height=\"682\" src=\"https:\/\/www.quinchobarrilete.org.ni\/wp-content\/uploads\/2025\/09\/1bdffbda-d631-41ba-abe9-a7dfa1508118-1024x682.webp\" alt=\"\" class=\"wp-image-5046\" srcset=\"https:\/\/www.quinchobarrilete.org.ni\/wp-content\/uploads\/2025\/09\/1bdffbda-d631-41ba-abe9-a7dfa1508118-1024x682.webp 1024w, https:\/\/www.quinchobarrilete.org.ni\/wp-content\/uploads\/2025\/09\/1bdffbda-d631-41ba-abe9-a7dfa1508118-300x200.webp 300w, https:\/\/www.quinchobarrilete.org.ni\/wp-content\/uploads\/2025\/09\/1bdffbda-d631-41ba-abe9-a7dfa1508118-768x512.webp 768w, https:\/\/www.quinchobarrilete.org.ni\/wp-content\/uploads\/2025\/09\/1bdffbda-d631-41ba-abe9-a7dfa1508118-1536x1023.webp 1536w, https:\/\/www.quinchobarrilete.org.ni\/wp-content\/uploads\/2025\/09\/1bdffbda-d631-41ba-abe9-a7dfa1508118-18x12.webp 18w, https:\/\/www.quinchobarrilete.org.ni\/wp-content\/uploads\/2025\/09\/1bdffbda-d631-41ba-abe9-a7dfa1508118-600x400.webp 600w, https:\/\/www.quinchobarrilete.org.ni\/wp-content\/uploads\/2025\/09\/1bdffbda-d631-41ba-abe9-a7dfa1508118.webp 2038w\" sizes=\"(max-width: 1024px) 100vw, 1024px\" \/><\/figure>\n\n\n\n<p>Adem\u00e1s de la prevenci\u00f3n, es esencial fomentar <strong>h\u00e1bitos de bienestar mental<\/strong> que fortalezcan el d\u00eda a d\u00eda. El autocuidado, el manejo del estr\u00e9s, la pr\u00e1ctica de actividades recreativas y el apoyo comunitario son herramientas clave para que los adolescentes crezcan m\u00e1s seguros, resilientes y capaces de enfrentar los retos de la vida.<\/p>\n\n\n\n<p>En AQB creemos firmemente que la <strong>salud mental es tan importante como la salud f\u00edsica<\/strong>. Por ello, nuestras acciones integran acompa\u00f1amiento educativo, actividades l\u00fadicas y formaci\u00f3n en habilidades sociales, para que cada ni\u00f1o y joven tenga un entorno seguro y lleno de esperanza. La comunidad es un factor protector, y juntos podemos construir un futuro con m\u00e1s bienestar emocional.<\/p>\n\n\n\n<p>La <strong>prevenci\u00f3n del suicidio en j\u00f3venes<\/strong> es una tarea de todos. Familia, comunidad y organizaciones sociales debemos trabajar de la mano para ofrecer escucha, comprensi\u00f3n y apoyo oportuno. En Quincho Barrilete seguiremos creando espacios donde la voz de cada ni\u00f1o y adolescente tenga valor, porque cuidar la mente tambi\u00e9n es cuidar la vida. \ud83c\udf31\ud83d\udc9b<\/p>\n<div class=\"pdfprnt-buttons pdfprnt-buttons-post pdfprnt-top-bottom-left\"><a href=\"https:\/\/www.quinchobarrilete.org.ni\/ing\/wp-json\/wp\/v2\/posts\/5045?print=pdf\" class=\"pdfprnt-button pdfprnt-button-pdf\" target=\"_blank\" ><span class=\"pdfprnt-button-title pdfprnt-button-pdf-title\">Descarga Art\u00edculo<\/span><\/a><a href=\"https:\/\/www.quinchobarrilete.org.ni\/ing\/wp-json\/wp\/v2\/posts\/5045?print=print\" class=\"pdfprnt-button pdfprnt-button-print\" target=\"_blank\" ><img decoding=\"async\" src=\"https:\/\/www.quinchobarrilete.org.ni\/wp-content\/plugins\/pdf-print\/images\/print.png\" alt=\"image_print\" title=\"Print Content\" \/><\/a><\/div>","protected":false},"excerpt":{"rendered":"<p> En la Asociaci\u00f3n Quincho Barrilete sabemos que la salud mental en j\u00f3venes y adolescentes es un pilar fundamental para su desarrollo integral. Septiembre nos recuerda la importancia de hablar sobre la prevenci\u00f3n del suicidio y la necesidad de promover espacios donde ni\u00f1as, ni\u00f1os y adolescentes puedan expresarse con confianza y sin miedo a [&hellip;]<\/p>\n","protected":false},"author":1,"featured_media":5050,"comment_status":"open","ping_status":"open","sticky":false,"template":"","format":"standard","meta":{"footnotes":""},"categories":[18],"tags":[293,288,224,225,285,292,286,287,290,236,291,289,294,281,284,282,279,283,280],"class_list":["post-5045","post","type-post","status-publish","format-standard","has-post-thumbnail","hentry","category-articulo","tag-acompanamiento-comunitario","tag-apoyo-comunitario","tag-aqb","tag-asociacion-quincho-barrilete","tag-autocuidado","tag-autoestima-en-jovenes","tag-bienestar-emocional","tag-bienestar-mental","tag-comunicacion-asertiva-2","tag-desarrollo-integral","tag-educacion-emocional","tag-manejo-del-estres","tag-ninez-y-adolescencia","tag-prevencion-del-suicidio","tag-prevencion-del-suicidio-en-adolescentes","tag-prevencion-del-suicidio-en-jovenes","tag-salud-mental","tag-salud-mental-en-adolescentes","tag-salud-mental-en-jovenes"],"yoast_head":"<!-- This site is optimized with the Yoast SEO plugin v27.1.1 - https:\/\/yoast.com\/product\/yoast-seo-wordpress\/ -->\n<title>Salud mental en j\u00f3venes y adolescentes - Asociaci\u00f3n Quincho Barrilete<\/title>\n<meta name=\"description\" content=\"En la Asociaci\u00f3n Quincho Barrilete sabemos que la salud mental en j\u00f3venes y adolescentes es un pilar fundamental para su desarrollo integral. Septiembre nos recuerda la importancia de hablar sobre la prevenci\u00f3n del suicidio y la necesidad de promover espacios donde ni\u00f1as, ni\u00f1os y adolescentes puedan expresarse con confianza y sin miedo a ser juzgados.\" \/>\n<meta name=\"robots\" content=\"index, follow, max-snippet:-1, max-image-preview:large, max-video-preview:-1\" \/>\n<link rel=\"canonical\" href=\"https:\/\/www.quinchobarrilete.org.ni\/ing\/salud-mental-jovenes-adolescentes\/\" \/>\n<meta property=\"og:locale\" content=\"en_US\" \/>\n<meta property=\"og:type\" content=\"article\" \/>\n<meta property=\"og:title\" content=\"Salud mental en j\u00f3venes y adolescentes - Asociaci\u00f3n Quincho Barrilete\" \/>\n<meta property=\"og:description\" content=\"En la Asociaci\u00f3n Quincho Barrilete sabemos que la salud mental en j\u00f3venes y adolescentes es un pilar fundamental para su desarrollo integral. Septiembre nos recuerda la importancia de hablar sobre la prevenci\u00f3n del suicidio y la necesidad de promover espacios donde ni\u00f1as, ni\u00f1os y adolescentes puedan expresarse con confianza y sin miedo a ser juzgados.\" \/>\n<meta property=\"og:url\" content=\"https:\/\/www.quinchobarrilete.org.ni\/ing\/salud-mental-jovenes-adolescentes\/\" \/>\n<meta property=\"og:site_name\" content=\"Asociaci\u00f3n Quincho Barrilete\" \/>\n<meta property=\"article:publisher\" content=\"https:\/\/www.facebook.com\/asociacionquinchobarrileteorg\/\" \/>\n<meta property=\"article:published_time\" content=\"2025-09-11T21:57:25+00:00\" \/>\n<meta property=\"article:modified_time\" content=\"2025-09-11T22:08:35+00:00\" \/>\n<meta property=\"og:image\" content=\"http:\/\/www.quinchobarrilete.org.ni\/wp-content\/uploads\/2025\/09\/e88920d7-4f39-4b5d-9408-e4d520b66a72.png\" \/>\n\t<meta property=\"og:image:width\" content=\"1370\" \/>\n\t<meta property=\"og:image:height\" content=\"913\" \/>\n\t<meta property=\"og:image:type\" content=\"image\/png\" \/>\n<meta name=\"author\" content=\"WebQuincho\" \/>\n<meta name=\"twitter:card\" content=\"summary_large_image\" \/>\n<meta name=\"twitter:creator\" content=\"@aqbarrilete\" \/>\n<meta name=\"twitter:site\" content=\"@aqbarrilete\" \/>\n<meta name=\"twitter:label1\" content=\"Written by\" \/>\n\t<meta name=\"twitter:data1\" content=\"WebQuincho\" \/>\n\t<meta name=\"twitter:label2\" content=\"Est. reading time\" \/>\n\t<meta name=\"twitter:data2\" content=\"2 minutes\" \/>\n<script type=\"application\/ld+json\" class=\"yoast-schema-graph\">{\"@context\":\"https:\/\/schema.org\",\"@graph\":[{\"@type\":\"Article\",\"@id\":\"https:\/\/www.quinchobarrilete.org.ni\/salud-mental-jovenes-adolescentes\/#article\",\"isPartOf\":{\"@id\":\"https:\/\/www.quinchobarrilete.org.ni\/salud-mental-jovenes-adolescentes\/\"},\"author\":{\"name\":\"WebQuincho\",\"@id\":\"https:\/\/www.quinchobarrilete.org.ni\/es\/#\/schema\/person\/44994a256bea95d432fc253b16914bbf\"},\"headline\":\"Salud mental en j\u00f3venes y adolescentes\",\"datePublished\":\"2025-09-11T21:57:25+00:00\",\"dateModified\":\"2025-09-11T22:08:35+00:00\",\"mainEntityOfPage\":{\"@id\":\"https:\/\/www.quinchobarrilete.org.ni\/salud-mental-jovenes-adolescentes\/\"},\"wordCount\":372,\"commentCount\":0,\"publisher\":{\"@id\":\"https:\/\/www.quinchobarrilete.org.ni\/es\/#organization\"},\"image\":{\"@id\":\"https:\/\/www.quinchobarrilete.org.ni\/salud-mental-jovenes-adolescentes\/#primaryimage\"},\"thumbnailUrl\":\"https:\/\/www.quinchobarrilete.org.ni\/wp-content\/uploads\/2025\/09\/e88920d7-4f39-4b5d-9408-e4d520b66a72.png\",\"keywords\":[\"acompa\u00f1amiento comunitario\",\"apoyo comunitario\",\"aqb\",\"Asociaci\u00f3n Quincho Barrilete\",\"autocuidado\",\"autoestima en j\u00f3venes\",\"bienestar emocional\",\"bienestar mental\",\"comunicaci\u00f3n asertiva\",\"desarrollo integral\",\"educaci\u00f3n emocional\",\"manejo del estr\u00e9s\",\"ni\u00f1ez y adolescencia\",\"prevenci\u00f3n del suicidio\",\"prevenci\u00f3n del suicidio en adolescentes\",\"prevenci\u00f3n del suicidio en j\u00f3venes\",\"salud mental\",\"salud mental en adolescentes\",\"salud mental en j\u00f3venes\"],\"articleSection\":[\"Art\u00edculos\"],\"inLanguage\":\"en-US\",\"potentialAction\":[{\"@type\":\"CommentAction\",\"name\":\"Comment\",\"target\":[\"https:\/\/www.quinchobarrilete.org.ni\/salud-mental-jovenes-adolescentes\/#respond\"]}]},{\"@type\":\"WebPage\",\"@id\":\"https:\/\/www.quinchobarrilete.org.ni\/salud-mental-jovenes-adolescentes\/\",\"url\":\"https:\/\/www.quinchobarrilete.org.ni\/salud-mental-jovenes-adolescentes\/\",\"name\":\"Salud mental en j\u00f3venes y adolescentes - Asociaci\u00f3n Quincho Barrilete\",\"isPartOf\":{\"@id\":\"https:\/\/www.quinchobarrilete.org.ni\/es\/#website\"},\"primaryImageOfPage\":{\"@id\":\"https:\/\/www.quinchobarrilete.org.ni\/salud-mental-jovenes-adolescentes\/#primaryimage\"},\"image\":{\"@id\":\"https:\/\/www.quinchobarrilete.org.ni\/salud-mental-jovenes-adolescentes\/#primaryimage\"},\"thumbnailUrl\":\"https:\/\/www.quinchobarrilete.org.ni\/wp-content\/uploads\/2025\/09\/e88920d7-4f39-4b5d-9408-e4d520b66a72.png\",\"datePublished\":\"2025-09-11T21:57:25+00:00\",\"dateModified\":\"2025-09-11T22:08:35+00:00\",\"description\":\"En la Asociaci\u00f3n Quincho Barrilete sabemos que la salud mental en j\u00f3venes y adolescentes es un pilar fundamental para su desarrollo integral. Septiembre nos recuerda la importancia de hablar sobre la prevenci\u00f3n del suicidio y la necesidad de promover espacios donde ni\u00f1as, ni\u00f1os y adolescentes puedan expresarse con confianza y sin miedo a ser juzgados.\",\"breadcrumb\":{\"@id\":\"https:\/\/www.quinchobarrilete.org.ni\/salud-mental-jovenes-adolescentes\/#breadcrumb\"},\"inLanguage\":\"en-US\",\"potentialAction\":[{\"@type\":\"ReadAction\",\"target\":[\"https:\/\/www.quinchobarrilete.org.ni\/salud-mental-jovenes-adolescentes\/\"]}]},{\"@type\":\"ImageObject\",\"inLanguage\":\"en-US\",\"@id\":\"https:\/\/www.quinchobarrilete.org.ni\/salud-mental-jovenes-adolescentes\/#primaryimage\",\"url\":\"https:\/\/www.quinchobarrilete.org.ni\/wp-content\/uploads\/2025\/09\/e88920d7-4f39-4b5d-9408-e4d520b66a72.png\",\"contentUrl\":\"https:\/\/www.quinchobarrilete.org.ni\/wp-content\/uploads\/2025\/09\/e88920d7-4f39-4b5d-9408-e4d520b66a72.png\",\"width\":1370,\"height\":913},{\"@type\":\"BreadcrumbList\",\"@id\":\"https:\/\/www.quinchobarrilete.org.ni\/salud-mental-jovenes-adolescentes\/#breadcrumb\",\"itemListElement\":[{\"@type\":\"ListItem\",\"position\":1,\"name\":\"Portada\",\"item\":\"https:\/\/www.quinchobarrilete.org.ni\/\"},{\"@type\":\"ListItem\",\"position\":2,\"name\":\"Salud mental en j\u00f3venes y adolescentes\"}]},{\"@type\":\"WebSite\",\"@id\":\"https:\/\/www.quinchobarrilete.org.ni\/es\/#website\",\"url\":\"https:\/\/www.quinchobarrilete.org.ni\/es\/\",\"name\":\"Asociaci\u00f3n Quincho Barrilete\",\"description\":\"Una Organizaci\u00f3n no gubernamental sin fines de lucro\",\"publisher\":{\"@id\":\"https:\/\/www.quinchobarrilete.org.ni\/es\/#organization\"},\"alternateName\":\"Quincho\",\"potentialAction\":[{\"@type\":\"SearchAction\",\"target\":{\"@type\":\"EntryPoint\",\"urlTemplate\":\"https:\/\/www.quinchobarrilete.org.ni\/es\/?s={search_term_string}\"},\"query-input\":{\"@type\":\"PropertyValueSpecification\",\"valueRequired\":true,\"valueName\":\"search_term_string\"}}],\"inLanguage\":\"en-US\"},{\"@type\":\"Organization\",\"@id\":\"https:\/\/www.quinchobarrilete.org.ni\/es\/#organization\",\"name\":\"Asociaci\u00f3n Quincho Barrilete\",\"url\":\"https:\/\/www.quinchobarrilete.org.ni\/es\/\",\"logo\":{\"@type\":\"ImageObject\",\"inLanguage\":\"en-US\",\"@id\":\"https:\/\/www.quinchobarrilete.org.ni\/es\/#\/schema\/logo\/image\/\",\"url\":\"https:\/\/www.quinchobarrilete.org.ni\/wp-content\/uploads\/2025\/01\/logo-2025-33anos-2-removebg-preview.png\",\"contentUrl\":\"https:\/\/www.quinchobarrilete.org.ni\/wp-content\/uploads\/2025\/01\/logo-2025-33anos-2-removebg-preview.png\",\"width\":500,\"height\":500,\"caption\":\"Asociaci\u00f3n Quincho Barrilete\"},\"image\":{\"@id\":\"https:\/\/www.quinchobarrilete.org.ni\/es\/#\/schema\/logo\/image\/\"},\"sameAs\":[\"https:\/\/www.facebook.com\/asociacionquinchobarrileteorg\/\",\"https:\/\/x.com\/aqbarrilete\"]},{\"@type\":\"Person\",\"@id\":\"https:\/\/www.quinchobarrilete.org.ni\/es\/#\/schema\/person\/44994a256bea95d432fc253b16914bbf\",\"name\":\"WebQuincho\",\"image\":{\"@type\":\"ImageObject\",\"inLanguage\":\"en-US\",\"@id\":\"https:\/\/www.quinchobarrilete.org.ni\/es\/#\/schema\/person\/image\/\",\"url\":\"https:\/\/secure.gravatar.com\/avatar\/94816127a9f3c0cd65e06d43d253c6ead978b56712f77d747a3092d5d775faaf?s=96&d=mm&r=g\",\"contentUrl\":\"https:\/\/secure.gravatar.com\/avatar\/94816127a9f3c0cd65e06d43d253c6ead978b56712f77d747a3092d5d775faaf?s=96&d=mm&r=g\",\"caption\":\"WebQuincho\"},\"sameAs\":[\"http:\/\/www.quinchobarrilete.org.ni\"],\"url\":\"https:\/\/www.quinchobarrilete.org.ni\/ing\/author\/webquincho\/\"}]}<\/script>\n<!-- \/ Yoast SEO plugin. -->","yoast_head_json":{"title":"Salud mental en j\u00f3venes y adolescentes - Asociaci\u00f3n Quincho Barrilete","description":"En la Asociaci\u00f3n Quincho Barrilete sabemos que la salud mental en j\u00f3venes y adolescentes es un pilar fundamental para su desarrollo integral. Septiembre nos recuerda la importancia de hablar sobre la prevenci\u00f3n del suicidio y la necesidad de promover espacios donde ni\u00f1as, ni\u00f1os y adolescentes puedan expresarse con confianza y sin miedo a ser juzgados.","robots":{"index":"index","follow":"follow","max-snippet":"max-snippet:-1","max-image-preview":"max-image-preview:large","max-video-preview":"max-video-preview:-1"},"canonical":"https:\/\/www.quinchobarrilete.org.ni\/ing\/salud-mental-jovenes-adolescentes\/","og_locale":"en_US","og_type":"article","og_title":"Salud mental en j\u00f3venes y adolescentes - Asociaci\u00f3n Quincho Barrilete","og_description":"En la Asociaci\u00f3n Quincho Barrilete sabemos que la salud mental en j\u00f3venes y adolescentes es un pilar fundamental para su desarrollo integral. Septiembre nos recuerda la importancia de hablar sobre la prevenci\u00f3n del suicidio y la necesidad de promover espacios donde ni\u00f1as, ni\u00f1os y adolescentes puedan expresarse con confianza y sin miedo a ser juzgados.","og_url":"https:\/\/www.quinchobarrilete.org.ni\/ing\/salud-mental-jovenes-adolescentes\/","og_site_name":"Asociaci\u00f3n Quincho Barrilete","article_publisher":"https:\/\/www.facebook.com\/asociacionquinchobarrileteorg\/","article_published_time":"2025-09-11T21:57:25+00:00","article_modified_time":"2025-09-11T22:08:35+00:00","og_image":[{"width":1370,"height":913,"url":"http:\/\/www.quinchobarrilete.org.ni\/wp-content\/uploads\/2025\/09\/e88920d7-4f39-4b5d-9408-e4d520b66a72.png","type":"image\/png"}],"author":"WebQuincho","twitter_card":"summary_large_image","twitter_creator":"@aqbarrilete","twitter_site":"@aqbarrilete","twitter_misc":{"Written by":"WebQuincho","Est. reading time":"2 minutes"},"schema":{"@context":"https:\/\/schema.org","@graph":[{"@type":"Article","@id":"https:\/\/www.quinchobarrilete.org.ni\/salud-mental-jovenes-adolescentes\/#article","isPartOf":{"@id":"https:\/\/www.quinchobarrilete.org.ni\/salud-mental-jovenes-adolescentes\/"},"author":{"name":"WebQuincho","@id":"https:\/\/www.quinchobarrilete.org.ni\/es\/#\/schema\/person\/44994a256bea95d432fc253b16914bbf"},"headline":"Salud mental en j\u00f3venes y adolescentes","datePublished":"2025-09-11T21:57:25+00:00","dateModified":"2025-09-11T22:08:35+00:00","mainEntityOfPage":{"@id":"https:\/\/www.quinchobarrilete.org.ni\/salud-mental-jovenes-adolescentes\/"},"wordCount":372,"commentCount":0,"publisher":{"@id":"https:\/\/www.quinchobarrilete.org.ni\/es\/#organization"},"image":{"@id":"https:\/\/www.quinchobarrilete.org.ni\/salud-mental-jovenes-adolescentes\/#primaryimage"},"thumbnailUrl":"https:\/\/www.quinchobarrilete.org.ni\/wp-content\/uploads\/2025\/09\/e88920d7-4f39-4b5d-9408-e4d520b66a72.png","keywords":["acompa\u00f1amiento comunitario","apoyo comunitario","aqb","Asociaci\u00f3n Quincho Barrilete","autocuidado","autoestima en j\u00f3venes","bienestar emocional","bienestar mental","comunicaci\u00f3n asertiva","desarrollo integral","educaci\u00f3n emocional","manejo del estr\u00e9s","ni\u00f1ez y adolescencia","prevenci\u00f3n del suicidio","prevenci\u00f3n del suicidio en adolescentes","prevenci\u00f3n del suicidio en j\u00f3venes","salud mental","salud mental en adolescentes","salud mental en j\u00f3venes"],"articleSection":["Art\u00edculos"],"inLanguage":"en-US","potentialAction":[{"@type":"CommentAction","name":"Comment","target":["https:\/\/www.quinchobarrilete.org.ni\/salud-mental-jovenes-adolescentes\/#respond"]}]},{"@type":"WebPage","@id":"https:\/\/www.quinchobarrilete.org.ni\/salud-mental-jovenes-adolescentes\/","url":"https:\/\/www.quinchobarrilete.org.ni\/salud-mental-jovenes-adolescentes\/","name":"Salud mental en j\u00f3venes y adolescentes - Asociaci\u00f3n Quincho Barrilete","isPartOf":{"@id":"https:\/\/www.quinchobarrilete.org.ni\/es\/#website"},"primaryImageOfPage":{"@id":"https:\/\/www.quinchobarrilete.org.ni\/salud-mental-jovenes-adolescentes\/#primaryimage"},"image":{"@id":"https:\/\/www.quinchobarrilete.org.ni\/salud-mental-jovenes-adolescentes\/#primaryimage"},"thumbnailUrl":"https:\/\/www.quinchobarrilete.org.ni\/wp-content\/uploads\/2025\/09\/e88920d7-4f39-4b5d-9408-e4d520b66a72.png","datePublished":"2025-09-11T21:57:25+00:00","dateModified":"2025-09-11T22:08:35+00:00","description":"En la Asociaci\u00f3n Quincho Barrilete sabemos que la salud mental en j\u00f3venes y adolescentes es un pilar fundamental para su desarrollo integral. Septiembre nos recuerda la importancia de hablar sobre la prevenci\u00f3n del suicidio y la necesidad de promover espacios donde ni\u00f1as, ni\u00f1os y adolescentes puedan expresarse con confianza y sin miedo a ser juzgados.","breadcrumb":{"@id":"https:\/\/www.quinchobarrilete.org.ni\/salud-mental-jovenes-adolescentes\/#breadcrumb"},"inLanguage":"en-US","potentialAction":[{"@type":"ReadAction","target":["https:\/\/www.quinchobarrilete.org.ni\/salud-mental-jovenes-adolescentes\/"]}]},{"@type":"ImageObject","inLanguage":"en-US","@id":"https:\/\/www.quinchobarrilete.org.ni\/salud-mental-jovenes-adolescentes\/#primaryimage","url":"https:\/\/www.quinchobarrilete.org.ni\/wp-content\/uploads\/2025\/09\/e88920d7-4f39-4b5d-9408-e4d520b66a72.png","contentUrl":"https:\/\/www.quinchobarrilete.org.ni\/wp-content\/uploads\/2025\/09\/e88920d7-4f39-4b5d-9408-e4d520b66a72.png","width":1370,"height":913},{"@type":"BreadcrumbList","@id":"https:\/\/www.quinchobarrilete.org.ni\/salud-mental-jovenes-adolescentes\/#breadcrumb","itemListElement":[{"@type":"ListItem","position":1,"name":"Portada","item":"https:\/\/www.quinchobarrilete.org.ni\/"},{"@type":"ListItem","position":2,"name":"Salud mental en j\u00f3venes y adolescentes"}]},{"@type":"WebSite","@id":"https:\/\/www.quinchobarrilete.org.ni\/es\/#website","url":"https:\/\/www.quinchobarrilete.org.ni\/es\/","name":"Asociaci\u00f3n Quincho Barrilete","description":"Una Organizaci\u00f3n no gubernamental sin fines de lucro","publisher":{"@id":"https:\/\/www.quinchobarrilete.org.ni\/es\/#organization"},"alternateName":"Quincho","potentialAction":[{"@type":"SearchAction","target":{"@type":"EntryPoint","urlTemplate":"https:\/\/www.quinchobarrilete.org.ni\/es\/?s={search_term_string}"},"query-input":{"@type":"PropertyValueSpecification","valueRequired":true,"valueName":"search_term_string"}}],"inLanguage":"en-US"},{"@type":"Organization","@id":"https:\/\/www.quinchobarrilete.org.ni\/es\/#organization","name":"Asociaci\u00f3n Quincho Barrilete","url":"https:\/\/www.quinchobarrilete.org.ni\/es\/","logo":{"@type":"ImageObject","inLanguage":"en-US","@id":"https:\/\/www.quinchobarrilete.org.ni\/es\/#\/schema\/logo\/image\/","url":"https:\/\/www.quinchobarrilete.org.ni\/wp-content\/uploads\/2025\/01\/logo-2025-33anos-2-removebg-preview.png","contentUrl":"https:\/\/www.quinchobarrilete.org.ni\/wp-content\/uploads\/2025\/01\/logo-2025-33anos-2-removebg-preview.png","width":500,"height":500,"caption":"Asociaci\u00f3n Quincho Barrilete"},"image":{"@id":"https:\/\/www.quinchobarrilete.org.ni\/es\/#\/schema\/logo\/image\/"},"sameAs":["https:\/\/www.facebook.com\/asociacionquinchobarrileteorg\/","https:\/\/x.com\/aqbarrilete"]},{"@type":"Person","@id":"https:\/\/www.quinchobarrilete.org.ni\/es\/#\/schema\/person\/44994a256bea95d432fc253b16914bbf","name":"WebQuincho","image":{"@type":"ImageObject","inLanguage":"en-US","@id":"https:\/\/www.quinchobarrilete.org.ni\/es\/#\/schema\/person\/image\/","url":"https:\/\/secure.gravatar.com\/avatar\/94816127a9f3c0cd65e06d43d253c6ead978b56712f77d747a3092d5d775faaf?s=96&d=mm&r=g","contentUrl":"https:\/\/secure.gravatar.com\/avatar\/94816127a9f3c0cd65e06d43d253c6ead978b56712f77d747a3092d5d775faaf?s=96&d=mm&r=g","caption":"WebQuincho"},"sameAs":["http:\/\/www.quinchobarrilete.org.ni"],"url":"https:\/\/www.quinchobarrilete.org.ni\/ing\/author\/webquincho\/"}]}},"_links":{"self":[{"href":"https:\/\/www.quinchobarrilete.org.ni\/ing\/wp-json\/wp\/v2\/posts\/5045","targetHints":{"allow":["GET"]}}],"collection":[{"href":"https:\/\/www.quinchobarrilete.org.ni\/ing\/wp-json\/wp\/v2\/posts"}],"about":[{"href":"https:\/\/www.quinchobarrilete.org.ni\/ing\/wp-json\/wp\/v2\/types\/post"}],"author":[{"embeddable":true,"href":"https:\/\/www.quinchobarrilete.org.ni\/ing\/wp-json\/wp\/v2\/users\/1"}],"replies":[{"embeddable":true,"href":"https:\/\/www.quinchobarrilete.org.ni\/ing\/wp-json\/wp\/v2\/comments?post=5045"}],"version-history":[{"count":1,"href":"https:\/\/www.quinchobarrilete.org.ni\/ing\/wp-json\/wp\/v2\/posts\/5045\/revisions"}],"predecessor-version":[{"id":5047,"href":"https:\/\/www.quinchobarrilete.org.ni\/ing\/wp-json\/wp\/v2\/posts\/5045\/revisions\/5047"}],"wp:featuredmedia":[{"embeddable":true,"href":"https:\/\/www.quinchobarrilete.org.ni\/ing\/wp-json\/wp\/v2\/media\/5050"}],"wp:attachment":[{"href":"https:\/\/www.quinchobarrilete.org.ni\/ing\/wp-json\/wp\/v2\/media?parent=5045"}],"wp:term":[{"taxonomy":"category","embeddable":true,"href":"https:\/\/www.quinchobarrilete.org.ni\/ing\/wp-json\/wp\/v2\/categories?post=5045"},{"taxonomy":"post_tag","embeddable":true,"href":"https:\/\/www.quinchobarrilete.org.ni\/ing\/wp-json\/wp\/v2\/tags?post=5045"}],"curies":[{"name":"wp","href":"https:\/\/api.w.org\/{rel}","templated":true}]}}