{"id":4997,"date":"2025-04-25T08:00:00","date_gmt":"2025-04-25T08:00:00","guid":{"rendered":"https:\/\/www.quinchobarrilete.org.ni\/?p=4997"},"modified":"2025-04-20T02:47:13","modified_gmt":"2025-04-20T02:47:13","slug":"dia-internacional-lucha-maltrato-infantil","status":"publish","type":"post","link":"https:\/\/www.quinchobarrilete.org.ni\/ing\/dia-internacional-lucha-maltrato-infantil\/","title":{"rendered":"D\u00eda Internacional de la Lucha contra el Maltrato Infantil"},"content":{"rendered":"<div class=\"pdfprnt-buttons pdfprnt-buttons-post pdfprnt-top-bottom-left\"><a href=\"https:\/\/www.quinchobarrilete.org.ni\/ing\/wp-json\/wp\/v2\/posts\/4997?print=pdf\" class=\"pdfprnt-button pdfprnt-button-pdf\" target=\"_blank\" ><span class=\"pdfprnt-button-title pdfprnt-button-pdf-title\">Descarga Art\u00edculo<\/span><\/a><a href=\"https:\/\/www.quinchobarrilete.org.ni\/ing\/wp-json\/wp\/v2\/posts\/4997?print=print\" class=\"pdfprnt-button pdfprnt-button-print\" target=\"_blank\" ><img decoding=\"async\" src=\"https:\/\/www.quinchobarrilete.org.ni\/wp-content\/plugins\/pdf-print\/images\/print.png\" alt=\"image_print\" title=\"Print Content\" \/><\/a><\/div>\n<p>En la Asociaci\u00f3n Quincho Barrilete, creemos que cada ni\u00f1a y ni\u00f1o merece crecer en un entorno seguro, amoroso y libre de violencia.<\/p>\n\n\n\n<p>Este 25 de abril, nos unimos al llamado mundial para reflexionar, sensibilizarnos y actuar frente a cualquier forma de maltrato infantil. En nuestras comunidades, acompa\u00f1amos a la ni\u00f1ez con espacios protectores, educaci\u00f3n en valores y acciones concretas que fortalecen su bienestar emocional y social.<\/p>\n\n\n\n<p>Sabemos que el maltrato infantil no solo duele, tambi\u00e9n silencia, a\u00edsla y marca. Por eso, trabajamos cada d\u00eda con ni\u00f1as, ni\u00f1os y familias para prevenir la violencia, promover el buen trato y garantizar el respeto de sus derechos.<\/p>\n\n\n\n<p>\ud83e\udde1 Romper el ciclo del maltrato empieza por reconocerlo, denunciarlo y ofrecer alternativas de amor, cuidado y protecci\u00f3n.<\/p>\n\n\n\n<p>Desde nuestros barrios, seguimos construyendo una infancia con dignidad, esperanza y oportunidades.<\/p>\n<div class=\"pdfprnt-buttons pdfprnt-buttons-post pdfprnt-top-bottom-left\"><a href=\"https:\/\/www.quinchobarrilete.org.ni\/ing\/wp-json\/wp\/v2\/posts\/4997?print=pdf\" class=\"pdfprnt-button pdfprnt-button-pdf\" target=\"_blank\" ><span class=\"pdfprnt-button-title pdfprnt-button-pdf-title\">Descarga Art\u00edculo<\/span><\/a><a href=\"https:\/\/www.quinchobarrilete.org.ni\/ing\/wp-json\/wp\/v2\/posts\/4997?print=print\" class=\"pdfprnt-button pdfprnt-button-print\" target=\"_blank\" ><img decoding=\"async\" src=\"https:\/\/www.quinchobarrilete.org.ni\/wp-content\/plugins\/pdf-print\/images\/print.png\" alt=\"image_print\" title=\"Print Content\" \/><\/a><\/div>","protected":false},"excerpt":{"rendered":"<p> En la Asociaci\u00f3n Quincho Barrilete, creemos que cada ni\u00f1a y ni\u00f1o merece crecer en un entorno seguro, amoroso y libre de violencia. Este 25 de abril, nos unimos al llamado mundial para reflexionar, sensibilizarnos y actuar frente a cualquier forma de maltrato infantil. En nuestras comunidades, acompa\u00f1amos a la ni\u00f1ez con espacios protectores, [&hellip;]<\/p>\n","protected":false},"author":1,"featured_media":4998,"comment_status":"open","ping_status":"open","sticky":false,"template":"","format":"standard","meta":{"footnotes":""},"categories":[18],"tags":[88,261,95,265,264,263,262],"class_list":["post-4997","post","type-post","status-publish","format-standard","has-post-thumbnail","hentry","category-articulo","tag-educacion","tag-25deabril","tag-derechos","tag-infanciaconderechos","tag-noalmaltratoinfantil-2","tag-protejamoslaninez","tag-quinchobarrilete"],"yoast_head":"<!-- This site is optimized with the Yoast SEO plugin v27.1.1 - https:\/\/yoast.com\/product\/yoast-seo-wordpress\/ -->\n<title>D\u00eda Internacional de la Lucha contra el Maltrato Infantil - Asociaci\u00f3n Quincho Barrilete<\/title>\n<meta name=\"description\" content=\"En la Asociaci\u00f3n Quincho Barrilete, creemos que cada ni\u00f1a y ni\u00f1o merece crecer en un entorno seguro, amoroso y libre de violencia.\" \/>\n<meta name=\"robots\" content=\"index, follow, max-snippet:-1, max-image-preview:large, max-video-preview:-1\" \/>\n<link rel=\"canonical\" href=\"https:\/\/www.quinchobarrilete.org.ni\/ing\/dia-internacional-lucha-maltrato-infantil\/\" \/>\n<meta property=\"og:locale\" content=\"en_US\" \/>\n<meta property=\"og:type\" content=\"article\" \/>\n<meta property=\"og:title\" content=\"D\u00eda Internacional de la Lucha contra el Maltrato Infantil - Asociaci\u00f3n Quincho Barrilete\" \/>\n<meta property=\"og:description\" content=\"En la Asociaci\u00f3n Quincho Barrilete, creemos que cada ni\u00f1a y ni\u00f1o merece crecer en un entorno seguro, amoroso y libre de violencia.\" \/>\n<meta property=\"og:url\" content=\"https:\/\/www.quinchobarrilete.org.ni\/ing\/dia-internacional-lucha-maltrato-infantil\/\" \/>\n<meta property=\"og:site_name\" content=\"Asociaci\u00f3n Quincho Barrilete\" \/>\n<meta property=\"article:publisher\" content=\"https:\/\/www.facebook.com\/asociacionquinchobarrileteorg\/\" \/>\n<meta property=\"article:published_time\" content=\"2025-04-25T08:00:00+00:00\" \/>\n<meta property=\"og:image\" content=\"https:\/\/www.quinchobarrilete.org.ni\/wp-content\/uploads\/2025\/04\/DIA_INTERNACIONAL_CONTRA_MALTRATO_INFANTIL_WEB.png\" \/>\n\t<meta property=\"og:image:width\" content=\"945\" \/>\n\t<meta property=\"og:image:height\" content=\"473\" \/>\n\t<meta property=\"og:image:type\" content=\"image\/png\" \/>\n<meta name=\"author\" content=\"WebQuincho\" \/>\n<meta name=\"twitter:card\" content=\"summary_large_image\" \/>\n<meta name=\"twitter:creator\" content=\"@aqbarrilete\" \/>\n<meta name=\"twitter:site\" content=\"@aqbarrilete\" \/>\n<meta name=\"twitter:label1\" content=\"Written by\" \/>\n\t<meta name=\"twitter:data1\" content=\"WebQuincho\" \/>\n\t<meta name=\"twitter:label2\" content=\"Est. reading time\" \/>\n\t<meta name=\"twitter:data2\" content=\"1 minute\" \/>\n<script type=\"application\/ld+json\" class=\"yoast-schema-graph\">{\"@context\":\"https:\/\/schema.org\",\"@graph\":[{\"@type\":\"Article\",\"@id\":\"https:\/\/www.quinchobarrilete.org.ni\/es\/dia-internacional-lucha-maltrato-infantil\/#article\",\"isPartOf\":{\"@id\":\"https:\/\/www.quinchobarrilete.org.ni\/es\/dia-internacional-lucha-maltrato-infantil\/\"},\"author\":{\"name\":\"WebQuincho\",\"@id\":\"https:\/\/www.quinchobarrilete.org.ni\/es\/#\/schema\/person\/44994a256bea95d432fc253b16914bbf\"},\"headline\":\"D\u00eda Internacional de la Lucha contra el Maltrato Infantil\",\"datePublished\":\"2025-04-25T08:00:00+00:00\",\"mainEntityOfPage\":{\"@id\":\"https:\/\/www.quinchobarrilete.org.ni\/es\/dia-internacional-lucha-maltrato-infantil\/\"},\"wordCount\":154,\"commentCount\":0,\"publisher\":{\"@id\":\"https:\/\/www.quinchobarrilete.org.ni\/es\/#organization\"},\"image\":{\"@id\":\"https:\/\/www.quinchobarrilete.org.ni\/es\/dia-internacional-lucha-maltrato-infantil\/#primaryimage\"},\"thumbnailUrl\":\"https:\/\/www.quinchobarrilete.org.ni\/wp-content\/uploads\/2025\/04\/DIA_INTERNACIONAL_CONTRA_MALTRATO_INFANTIL_WEB.png\",\"keywords\":[\"#educacion\",\"25deAbril\",\"derechos\",\"InfanciaConDerechos\",\"NoAlMaltratoInfantil\",\"ProtejamosLaNi\u00f1ez\",\"QuinchoBarrilete\"],\"articleSection\":[\"Art\u00edculos\"],\"inLanguage\":\"en-US\",\"potentialAction\":[{\"@type\":\"CommentAction\",\"name\":\"Comment\",\"target\":[\"https:\/\/www.quinchobarrilete.org.ni\/es\/dia-internacional-lucha-maltrato-infantil\/#respond\"]}]},{\"@type\":\"WebPage\",\"@id\":\"https:\/\/www.quinchobarrilete.org.ni\/es\/dia-internacional-lucha-maltrato-infantil\/\",\"url\":\"https:\/\/www.quinchobarrilete.org.ni\/es\/dia-internacional-lucha-maltrato-infantil\/\",\"name\":\"D\u00eda Internacional de la Lucha contra el Maltrato Infantil - Asociaci\u00f3n Quincho Barrilete\",\"isPartOf\":{\"@id\":\"https:\/\/www.quinchobarrilete.org.ni\/es\/#website\"},\"primaryImageOfPage\":{\"@id\":\"https:\/\/www.quinchobarrilete.org.ni\/es\/dia-internacional-lucha-maltrato-infantil\/#primaryimage\"},\"image\":{\"@id\":\"https:\/\/www.quinchobarrilete.org.ni\/es\/dia-internacional-lucha-maltrato-infantil\/#primaryimage\"},\"thumbnailUrl\":\"https:\/\/www.quinchobarrilete.org.ni\/wp-content\/uploads\/2025\/04\/DIA_INTERNACIONAL_CONTRA_MALTRATO_INFANTIL_WEB.png\",\"datePublished\":\"2025-04-25T08:00:00+00:00\",\"description\":\"En la Asociaci\u00f3n Quincho Barrilete, creemos que cada ni\u00f1a y ni\u00f1o merece crecer en un entorno seguro, amoroso y libre de violencia.\",\"breadcrumb\":{\"@id\":\"https:\/\/www.quinchobarrilete.org.ni\/es\/dia-internacional-lucha-maltrato-infantil\/#breadcrumb\"},\"inLanguage\":\"en-US\",\"potentialAction\":[{\"@type\":\"ReadAction\",\"target\":[\"https:\/\/www.quinchobarrilete.org.ni\/es\/dia-internacional-lucha-maltrato-infantil\/\"]}]},{\"@type\":\"ImageObject\",\"inLanguage\":\"en-US\",\"@id\":\"https:\/\/www.quinchobarrilete.org.ni\/es\/dia-internacional-lucha-maltrato-infantil\/#primaryimage\",\"url\":\"https:\/\/www.quinchobarrilete.org.ni\/wp-content\/uploads\/2025\/04\/DIA_INTERNACIONAL_CONTRA_MALTRATO_INFANTIL_WEB.png\",\"contentUrl\":\"https:\/\/www.quinchobarrilete.org.ni\/wp-content\/uploads\/2025\/04\/DIA_INTERNACIONAL_CONTRA_MALTRATO_INFANTIL_WEB.png\",\"width\":945,\"height\":473},{\"@type\":\"BreadcrumbList\",\"@id\":\"https:\/\/www.quinchobarrilete.org.ni\/es\/dia-internacional-lucha-maltrato-infantil\/#breadcrumb\",\"itemListElement\":[{\"@type\":\"ListItem\",\"position\":1,\"name\":\"Portada\",\"item\":\"https:\/\/www.quinchobarrilete.org.ni\/\"},{\"@type\":\"ListItem\",\"position\":2,\"name\":\"D\u00eda Internacional de la Lucha contra el Maltrato Infantil\"}]},{\"@type\":\"WebSite\",\"@id\":\"https:\/\/www.quinchobarrilete.org.ni\/es\/#website\",\"url\":\"https:\/\/www.quinchobarrilete.org.ni\/es\/\",\"name\":\"Asociaci\u00f3n Quincho Barrilete\",\"description\":\"Una Organizaci\u00f3n no gubernamental sin fines de lucro\",\"publisher\":{\"@id\":\"https:\/\/www.quinchobarrilete.org.ni\/es\/#organization\"},\"alternateName\":\"Quincho\",\"potentialAction\":[{\"@type\":\"SearchAction\",\"target\":{\"@type\":\"EntryPoint\",\"urlTemplate\":\"https:\/\/www.quinchobarrilete.org.ni\/es\/?s={search_term_string}\"},\"query-input\":{\"@type\":\"PropertyValueSpecification\",\"valueRequired\":true,\"valueName\":\"search_term_string\"}}],\"inLanguage\":\"en-US\"},{\"@type\":\"Organization\",\"@id\":\"https:\/\/www.quinchobarrilete.org.ni\/es\/#organization\",\"name\":\"Asociaci\u00f3n Quincho Barrilete\",\"url\":\"https:\/\/www.quinchobarrilete.org.ni\/es\/\",\"logo\":{\"@type\":\"ImageObject\",\"inLanguage\":\"en-US\",\"@id\":\"https:\/\/www.quinchobarrilete.org.ni\/es\/#\/schema\/logo\/image\/\",\"url\":\"https:\/\/www.quinchobarrilete.org.ni\/wp-content\/uploads\/2025\/01\/logo-2025-33anos-2-removebg-preview.png\",\"contentUrl\":\"https:\/\/www.quinchobarrilete.org.ni\/wp-content\/uploads\/2025\/01\/logo-2025-33anos-2-removebg-preview.png\",\"width\":500,\"height\":500,\"caption\":\"Asociaci\u00f3n Quincho Barrilete\"},\"image\":{\"@id\":\"https:\/\/www.quinchobarrilete.org.ni\/es\/#\/schema\/logo\/image\/\"},\"sameAs\":[\"https:\/\/www.facebook.com\/asociacionquinchobarrileteorg\/\",\"https:\/\/x.com\/aqbarrilete\"]},{\"@type\":\"Person\",\"@id\":\"https:\/\/www.quinchobarrilete.org.ni\/es\/#\/schema\/person\/44994a256bea95d432fc253b16914bbf\",\"name\":\"WebQuincho\",\"image\":{\"@type\":\"ImageObject\",\"inLanguage\":\"en-US\",\"@id\":\"https:\/\/www.quinchobarrilete.org.ni\/es\/#\/schema\/person\/image\/\",\"url\":\"https:\/\/secure.gravatar.com\/avatar\/94816127a9f3c0cd65e06d43d253c6ead978b56712f77d747a3092d5d775faaf?s=96&d=mm&r=g\",\"contentUrl\":\"https:\/\/secure.gravatar.com\/avatar\/94816127a9f3c0cd65e06d43d253c6ead978b56712f77d747a3092d5d775faaf?s=96&d=mm&r=g\",\"caption\":\"WebQuincho\"},\"sameAs\":[\"http:\/\/www.quinchobarrilete.org.ni\"],\"url\":\"https:\/\/www.quinchobarrilete.org.ni\/ing\/author\/webquincho\/\"}]}<\/script>\n<!-- \/ Yoast SEO plugin. -->","yoast_head_json":{"title":"D\u00eda Internacional de la Lucha contra el Maltrato Infantil - Asociaci\u00f3n Quincho Barrilete","description":"En la Asociaci\u00f3n Quincho Barrilete, creemos que cada ni\u00f1a y ni\u00f1o merece crecer en un entorno seguro, amoroso y libre de violencia.","robots":{"index":"index","follow":"follow","max-snippet":"max-snippet:-1","max-image-preview":"max-image-preview:large","max-video-preview":"max-video-preview:-1"},"canonical":"https:\/\/www.quinchobarrilete.org.ni\/ing\/dia-internacional-lucha-maltrato-infantil\/","og_locale":"en_US","og_type":"article","og_title":"D\u00eda Internacional de la Lucha contra el Maltrato Infantil - Asociaci\u00f3n Quincho Barrilete","og_description":"En la Asociaci\u00f3n Quincho Barrilete, creemos que cada ni\u00f1a y ni\u00f1o merece crecer en un entorno seguro, amoroso y libre de violencia.","og_url":"https:\/\/www.quinchobarrilete.org.ni\/ing\/dia-internacional-lucha-maltrato-infantil\/","og_site_name":"Asociaci\u00f3n Quincho Barrilete","article_publisher":"https:\/\/www.facebook.com\/asociacionquinchobarrileteorg\/","article_published_time":"2025-04-25T08:00:00+00:00","og_image":[{"width":945,"height":473,"url":"https:\/\/www.quinchobarrilete.org.ni\/wp-content\/uploads\/2025\/04\/DIA_INTERNACIONAL_CONTRA_MALTRATO_INFANTIL_WEB.png","type":"image\/png"}],"author":"WebQuincho","twitter_card":"summary_large_image","twitter_creator":"@aqbarrilete","twitter_site":"@aqbarrilete","twitter_misc":{"Written by":"WebQuincho","Est. reading time":"1 minute"},"schema":{"@context":"https:\/\/schema.org","@graph":[{"@type":"Article","@id":"https:\/\/www.quinchobarrilete.org.ni\/es\/dia-internacional-lucha-maltrato-infantil\/#article","isPartOf":{"@id":"https:\/\/www.quinchobarrilete.org.ni\/es\/dia-internacional-lucha-maltrato-infantil\/"},"author":{"name":"WebQuincho","@id":"https:\/\/www.quinchobarrilete.org.ni\/es\/#\/schema\/person\/44994a256bea95d432fc253b16914bbf"},"headline":"D\u00eda Internacional de la Lucha contra el Maltrato Infantil","datePublished":"2025-04-25T08:00:00+00:00","mainEntityOfPage":{"@id":"https:\/\/www.quinchobarrilete.org.ni\/es\/dia-internacional-lucha-maltrato-infantil\/"},"wordCount":154,"commentCount":0,"publisher":{"@id":"https:\/\/www.quinchobarrilete.org.ni\/es\/#organization"},"image":{"@id":"https:\/\/www.quinchobarrilete.org.ni\/es\/dia-internacional-lucha-maltrato-infantil\/#primaryimage"},"thumbnailUrl":"https:\/\/www.quinchobarrilete.org.ni\/wp-content\/uploads\/2025\/04\/DIA_INTERNACIONAL_CONTRA_MALTRATO_INFANTIL_WEB.png","keywords":["#educacion","25deAbril","derechos","InfanciaConDerechos","NoAlMaltratoInfantil","ProtejamosLaNi\u00f1ez","QuinchoBarrilete"],"articleSection":["Art\u00edculos"],"inLanguage":"en-US","potentialAction":[{"@type":"CommentAction","name":"Comment","target":["https:\/\/www.quinchobarrilete.org.ni\/es\/dia-internacional-lucha-maltrato-infantil\/#respond"]}]},{"@type":"WebPage","@id":"https:\/\/www.quinchobarrilete.org.ni\/es\/dia-internacional-lucha-maltrato-infantil\/","url":"https:\/\/www.quinchobarrilete.org.ni\/es\/dia-internacional-lucha-maltrato-infantil\/","name":"D\u00eda Internacional de la Lucha contra el Maltrato Infantil - Asociaci\u00f3n Quincho Barrilete","isPartOf":{"@id":"https:\/\/www.quinchobarrilete.org.ni\/es\/#website"},"primaryImageOfPage":{"@id":"https:\/\/www.quinchobarrilete.org.ni\/es\/dia-internacional-lucha-maltrato-infantil\/#primaryimage"},"image":{"@id":"https:\/\/www.quinchobarrilete.org.ni\/es\/dia-internacional-lucha-maltrato-infantil\/#primaryimage"},"thumbnailUrl":"https:\/\/www.quinchobarrilete.org.ni\/wp-content\/uploads\/2025\/04\/DIA_INTERNACIONAL_CONTRA_MALTRATO_INFANTIL_WEB.png","datePublished":"2025-04-25T08:00:00+00:00","description":"En la Asociaci\u00f3n Quincho Barrilete, creemos que cada ni\u00f1a y ni\u00f1o merece crecer en un entorno seguro, amoroso y libre de violencia.","breadcrumb":{"@id":"https:\/\/www.quinchobarrilete.org.ni\/es\/dia-internacional-lucha-maltrato-infantil\/#breadcrumb"},"inLanguage":"en-US","potentialAction":[{"@type":"ReadAction","target":["https:\/\/www.quinchobarrilete.org.ni\/es\/dia-internacional-lucha-maltrato-infantil\/"]}]},{"@type":"ImageObject","inLanguage":"en-US","@id":"https:\/\/www.quinchobarrilete.org.ni\/es\/dia-internacional-lucha-maltrato-infantil\/#primaryimage","url":"https:\/\/www.quinchobarrilete.org.ni\/wp-content\/uploads\/2025\/04\/DIA_INTERNACIONAL_CONTRA_MALTRATO_INFANTIL_WEB.png","contentUrl":"https:\/\/www.quinchobarrilete.org.ni\/wp-content\/uploads\/2025\/04\/DIA_INTERNACIONAL_CONTRA_MALTRATO_INFANTIL_WEB.png","width":945,"height":473},{"@type":"BreadcrumbList","@id":"https:\/\/www.quinchobarrilete.org.ni\/es\/dia-internacional-lucha-maltrato-infantil\/#breadcrumb","itemListElement":[{"@type":"ListItem","position":1,"name":"Portada","item":"https:\/\/www.quinchobarrilete.org.ni\/"},{"@type":"ListItem","position":2,"name":"D\u00eda Internacional de la Lucha contra el Maltrato Infantil"}]},{"@type":"WebSite","@id":"https:\/\/www.quinchobarrilete.org.ni\/es\/#website","url":"https:\/\/www.quinchobarrilete.org.ni\/es\/","name":"Asociaci\u00f3n Quincho Barrilete","description":"Una Organizaci\u00f3n no gubernamental sin fines de lucro","publisher":{"@id":"https:\/\/www.quinchobarrilete.org.ni\/es\/#organization"},"alternateName":"Quincho","potentialAction":[{"@type":"SearchAction","target":{"@type":"EntryPoint","urlTemplate":"https:\/\/www.quinchobarrilete.org.ni\/es\/?s={search_term_string}"},"query-input":{"@type":"PropertyValueSpecification","valueRequired":true,"valueName":"search_term_string"}}],"inLanguage":"en-US"},{"@type":"Organization","@id":"https:\/\/www.quinchobarrilete.org.ni\/es\/#organization","name":"Asociaci\u00f3n Quincho Barrilete","url":"https:\/\/www.quinchobarrilete.org.ni\/es\/","logo":{"@type":"ImageObject","inLanguage":"en-US","@id":"https:\/\/www.quinchobarrilete.org.ni\/es\/#\/schema\/logo\/image\/","url":"https:\/\/www.quinchobarrilete.org.ni\/wp-content\/uploads\/2025\/01\/logo-2025-33anos-2-removebg-preview.png","contentUrl":"https:\/\/www.quinchobarrilete.org.ni\/wp-content\/uploads\/2025\/01\/logo-2025-33anos-2-removebg-preview.png","width":500,"height":500,"caption":"Asociaci\u00f3n Quincho Barrilete"},"image":{"@id":"https:\/\/www.quinchobarrilete.org.ni\/es\/#\/schema\/logo\/image\/"},"sameAs":["https:\/\/www.facebook.com\/asociacionquinchobarrileteorg\/","https:\/\/x.com\/aqbarrilete"]},{"@type":"Person","@id":"https:\/\/www.quinchobarrilete.org.ni\/es\/#\/schema\/person\/44994a256bea95d432fc253b16914bbf","name":"WebQuincho","image":{"@type":"ImageObject","inLanguage":"en-US","@id":"https:\/\/www.quinchobarrilete.org.ni\/es\/#\/schema\/person\/image\/","url":"https:\/\/secure.gravatar.com\/avatar\/94816127a9f3c0cd65e06d43d253c6ead978b56712f77d747a3092d5d775faaf?s=96&d=mm&r=g","contentUrl":"https:\/\/secure.gravatar.com\/avatar\/94816127a9f3c0cd65e06d43d253c6ead978b56712f77d747a3092d5d775faaf?s=96&d=mm&r=g","caption":"WebQuincho"},"sameAs":["http:\/\/www.quinchobarrilete.org.ni"],"url":"https:\/\/www.quinchobarrilete.org.ni\/ing\/author\/webquincho\/"}]}},"_links":{"self":[{"href":"https:\/\/www.quinchobarrilete.org.ni\/ing\/wp-json\/wp\/v2\/posts\/4997","targetHints":{"allow":["GET"]}}],"collection":[{"href":"https:\/\/www.quinchobarrilete.org.ni\/ing\/wp-json\/wp\/v2\/posts"}],"about":[{"href":"https:\/\/www.quinchobarrilete.org.ni\/ing\/wp-json\/wp\/v2\/types\/post"}],"author":[{"embeddable":true,"href":"https:\/\/www.quinchobarrilete.org.ni\/ing\/wp-json\/wp\/v2\/users\/1"}],"replies":[{"embeddable":true,"href":"https:\/\/www.quinchobarrilete.org.ni\/ing\/wp-json\/wp\/v2\/comments?post=4997"}],"version-history":[{"count":1,"href":"https:\/\/www.quinchobarrilete.org.ni\/ing\/wp-json\/wp\/v2\/posts\/4997\/revisions"}],"predecessor-version":[{"id":4999,"href":"https:\/\/www.quinchobarrilete.org.ni\/ing\/wp-json\/wp\/v2\/posts\/4997\/revisions\/4999"}],"wp:featuredmedia":[{"embeddable":true,"href":"https:\/\/www.quinchobarrilete.org.ni\/ing\/wp-json\/wp\/v2\/media\/4998"}],"wp:attachment":[{"href":"https:\/\/www.quinchobarrilete.org.ni\/ing\/wp-json\/wp\/v2\/media?parent=4997"}],"wp:term":[{"taxonomy":"category","embeddable":true,"href":"https:\/\/www.quinchobarrilete.org.ni\/ing\/wp-json\/wp\/v2\/categories?post=4997"},{"taxonomy":"post_tag","embeddable":true,"href":"https:\/\/www.quinchobarrilete.org.ni\/ing\/wp-json\/wp\/v2\/tags?post=4997"}],"curies":[{"name":"wp","href":"https:\/\/api.w.org\/{rel}","templated":true}]}}