{"id":4974,"date":"2025-02-26T02:10:13","date_gmt":"2025-02-26T02:10:13","guid":{"rendered":"https:\/\/www.quinchobarrilete.org.ni\/?p=4974"},"modified":"2025-02-26T02:10:15","modified_gmt":"2025-02-26T02:10:15","slug":"justicia-social","status":"publish","type":"post","link":"https:\/\/www.quinchobarrilete.org.ni\/ing\/justicia-social\/","title":{"rendered":"D\u00eda Mundial de la Justicia Social"},"content":{"rendered":"<div class=\"pdfprnt-buttons pdfprnt-buttons-post pdfprnt-top-bottom-left\"><a href=\"https:\/\/www.quinchobarrilete.org.ni\/ing\/wp-json\/wp\/v2\/posts\/4974?print=pdf\" class=\"pdfprnt-button pdfprnt-button-pdf\" target=\"_blank\" ><span class=\"pdfprnt-button-title pdfprnt-button-pdf-title\">Descarga Art\u00edculo<\/span><\/a><a href=\"https:\/\/www.quinchobarrilete.org.ni\/ing\/wp-json\/wp\/v2\/posts\/4974?print=print\" class=\"pdfprnt-button pdfprnt-button-print\" target=\"_blank\" ><img decoding=\"async\" src=\"https:\/\/www.quinchobarrilete.org.ni\/wp-content\/plugins\/pdf-print\/images\/print.png\" alt=\"image_print\" title=\"Print Content\" \/><\/a><\/div>\n<p>La justicia es el pilar de una sociedad equitativa y solidaria. En la Asociaci\u00f3n Quincho Barrilete creemos que todos los ni\u00f1os y ni\u00f1as merecen las mismas oportunidades para crecer, aprender y so\u00f1ar con un futuro mejor.<\/p>\n\n\n\n<p>En nuestro trabajo diario, luchamos contra la desigualdad ofreciendo apoyo integral a la ni\u00f1ez de comunidades vulnerables. A trav\u00e9s de programas educativos, meriendas saludables y actividades recreativas, buscamos garantizar que cada ni\u00f1o y ni\u00f1a tenga las herramientas necesarias para construir un camino lleno de esperanza y posibilidades.<\/p>\n\n\n\n<p>La justicia social no es solo un concepto, es un compromiso con la equidad y la inclusi\u00f3n. Significa asegurar que ning\u00fan ni\u00f1o y ni\u00f1a sea privado de su derecho a una infancia feliz y segura. Esto solo es posible cuando trabajamos juntos como sociedad, promoviendo pol\u00edticas y acciones que prioricen el bienestar de la ni\u00f1ez.<\/p>\n\n\n\n<p>En este D\u00eda Mundial de la Justicia Social, reafirmamos nuestra misi\u00f3n de transformar vidas. Seguiremos impulsando el acceso a la educaci\u00f3n, la protecci\u00f3n de los derechos infantiles y el fortalecimiento de comunidades para que cada ni\u00f1o y ni\u00f1a tenga la oportunidad de desarrollarse plenamente.<\/p>\n<div class=\"pdfprnt-buttons pdfprnt-buttons-post pdfprnt-top-bottom-left\"><a href=\"https:\/\/www.quinchobarrilete.org.ni\/ing\/wp-json\/wp\/v2\/posts\/4974?print=pdf\" class=\"pdfprnt-button pdfprnt-button-pdf\" target=\"_blank\" ><span class=\"pdfprnt-button-title pdfprnt-button-pdf-title\">Descarga Art\u00edculo<\/span><\/a><a href=\"https:\/\/www.quinchobarrilete.org.ni\/ing\/wp-json\/wp\/v2\/posts\/4974?print=print\" class=\"pdfprnt-button pdfprnt-button-print\" target=\"_blank\" ><img decoding=\"async\" src=\"https:\/\/www.quinchobarrilete.org.ni\/wp-content\/plugins\/pdf-print\/images\/print.png\" alt=\"image_print\" title=\"Print Content\" \/><\/a><\/div>","protected":false},"excerpt":{"rendered":"<p> La justicia es el pilar de una sociedad equitativa y solidaria. En la Asociaci\u00f3n Quincho Barrilete creemos que todos los ni\u00f1os y ni\u00f1as merecen las mismas oportunidades para crecer, aprender y so\u00f1ar con un futuro mejor. En nuestro trabajo diario, luchamos contra la desigualdad ofreciendo apoyo integral a la ni\u00f1ez de comunidades vulnerables. [&hellip;]<\/p>\n","protected":false},"author":1,"featured_media":4975,"comment_status":"open","ping_status":"open","sticky":false,"template":"","format":"standard","meta":{"footnotes":""},"categories":[18],"tags":[86,88,92,87,95,248,249],"class_list":["post-4974","post","type-post","status-publish","format-standard","has-post-thumbnail","hentry","category-articulo","tag-colegio","tag-educacion","tag-escuela","tag-familia","tag-derechos","tag-justicia","tag-justicia-social"],"yoast_head":"<!-- This site is optimized with the Yoast SEO plugin v27.1.1 - https:\/\/yoast.com\/product\/yoast-seo-wordpress\/ -->\n<title>D\u00eda Mundial de la Justicia Social - Asociaci\u00f3n Quincho Barrilete<\/title>\n<meta name=\"description\" content=\"La justicia es el pilar de una sociedad equitativa y solidaria. En la Asociaci\u00f3n Quincho Barrilete creemos que todos los ni\u00f1os y ni\u00f1as merecen las mismas oportunidades para crecer, aprender y so\u00f1ar con un futuro mejor.\" \/>\n<meta name=\"robots\" content=\"index, follow, max-snippet:-1, max-image-preview:large, max-video-preview:-1\" \/>\n<link rel=\"canonical\" href=\"https:\/\/www.quinchobarrilete.org.ni\/ing\/justicia-social\/\" \/>\n<meta property=\"og:locale\" content=\"en_US\" \/>\n<meta property=\"og:type\" content=\"article\" \/>\n<meta property=\"og:title\" content=\"D\u00eda Mundial de la Justicia Social - Asociaci\u00f3n Quincho Barrilete\" \/>\n<meta property=\"og:description\" content=\"La justicia es el pilar de una sociedad equitativa y solidaria. En la Asociaci\u00f3n Quincho Barrilete creemos que todos los ni\u00f1os y ni\u00f1as merecen las mismas oportunidades para crecer, aprender y so\u00f1ar con un futuro mejor.\" \/>\n<meta property=\"og:url\" content=\"https:\/\/www.quinchobarrilete.org.ni\/ing\/justicia-social\/\" \/>\n<meta property=\"og:site_name\" content=\"Asociaci\u00f3n Quincho Barrilete\" \/>\n<meta property=\"article:publisher\" content=\"https:\/\/www.facebook.com\/asociacionquinchobarrileteorg\/\" \/>\n<meta property=\"article:published_time\" content=\"2025-02-26T02:10:13+00:00\" \/>\n<meta property=\"article:modified_time\" content=\"2025-02-26T02:10:15+00:00\" \/>\n<meta property=\"og:image\" content=\"https:\/\/www.quinchobarrilete.org.ni\/wp-content\/uploads\/2025\/02\/1337-dde28fda-f3e5-11ef-8e86-7a48bda56843.png\" \/>\n\t<meta property=\"og:image:width\" content=\"512\" \/>\n\t<meta property=\"og:image:height\" content=\"384\" \/>\n\t<meta property=\"og:image:type\" content=\"image\/png\" \/>\n<meta name=\"author\" content=\"WebQuincho\" \/>\n<meta name=\"twitter:card\" content=\"summary_large_image\" \/>\n<meta name=\"twitter:creator\" content=\"@aqbarrilete\" \/>\n<meta name=\"twitter:site\" content=\"@aqbarrilete\" \/>\n<meta name=\"twitter:label1\" content=\"Written by\" \/>\n\t<meta name=\"twitter:data1\" content=\"WebQuincho\" \/>\n\t<meta name=\"twitter:label2\" content=\"Est. reading time\" \/>\n\t<meta name=\"twitter:data2\" content=\"2 minutes\" \/>\n<script type=\"application\/ld+json\" class=\"yoast-schema-graph\">{\"@context\":\"https:\/\/schema.org\",\"@graph\":[{\"@type\":\"Article\",\"@id\":\"https:\/\/www.quinchobarrilete.org.ni\/es\/justicia-social\/#article\",\"isPartOf\":{\"@id\":\"https:\/\/www.quinchobarrilete.org.ni\/es\/justicia-social\/\"},\"author\":{\"name\":\"WebQuincho\",\"@id\":\"https:\/\/www.quinchobarrilete.org.ni\/es\/#\/schema\/person\/44994a256bea95d432fc253b16914bbf\"},\"headline\":\"D\u00eda Mundial de la Justicia Social\",\"datePublished\":\"2025-02-26T02:10:13+00:00\",\"dateModified\":\"2025-02-26T02:10:15+00:00\",\"mainEntityOfPage\":{\"@id\":\"https:\/\/www.quinchobarrilete.org.ni\/es\/justicia-social\/\"},\"wordCount\":209,\"commentCount\":0,\"publisher\":{\"@id\":\"https:\/\/www.quinchobarrilete.org.ni\/es\/#organization\"},\"image\":{\"@id\":\"https:\/\/www.quinchobarrilete.org.ni\/es\/justicia-social\/#primaryimage\"},\"thumbnailUrl\":\"https:\/\/www.quinchobarrilete.org.ni\/wp-content\/uploads\/2025\/02\/1337-dde28fda-f3e5-11ef-8e86-7a48bda56843.png\",\"keywords\":[\"#colegio\",\"#educacion\",\"#escuela\",\"#familia\",\"derechos\",\"justicia\",\"justicia social\"],\"articleSection\":[\"Art\u00edculos\"],\"inLanguage\":\"en-US\",\"potentialAction\":[{\"@type\":\"CommentAction\",\"name\":\"Comment\",\"target\":[\"https:\/\/www.quinchobarrilete.org.ni\/es\/justicia-social\/#respond\"]}]},{\"@type\":\"WebPage\",\"@id\":\"https:\/\/www.quinchobarrilete.org.ni\/es\/justicia-social\/\",\"url\":\"https:\/\/www.quinchobarrilete.org.ni\/es\/justicia-social\/\",\"name\":\"D\u00eda Mundial de la Justicia Social - Asociaci\u00f3n Quincho Barrilete\",\"isPartOf\":{\"@id\":\"https:\/\/www.quinchobarrilete.org.ni\/es\/#website\"},\"primaryImageOfPage\":{\"@id\":\"https:\/\/www.quinchobarrilete.org.ni\/es\/justicia-social\/#primaryimage\"},\"image\":{\"@id\":\"https:\/\/www.quinchobarrilete.org.ni\/es\/justicia-social\/#primaryimage\"},\"thumbnailUrl\":\"https:\/\/www.quinchobarrilete.org.ni\/wp-content\/uploads\/2025\/02\/1337-dde28fda-f3e5-11ef-8e86-7a48bda56843.png\",\"datePublished\":\"2025-02-26T02:10:13+00:00\",\"dateModified\":\"2025-02-26T02:10:15+00:00\",\"description\":\"La justicia es el pilar de una sociedad equitativa y solidaria. En la Asociaci\u00f3n Quincho Barrilete creemos que todos los ni\u00f1os y ni\u00f1as merecen las mismas oportunidades para crecer, aprender y so\u00f1ar con un futuro mejor.\",\"breadcrumb\":{\"@id\":\"https:\/\/www.quinchobarrilete.org.ni\/es\/justicia-social\/#breadcrumb\"},\"inLanguage\":\"en-US\",\"potentialAction\":[{\"@type\":\"ReadAction\",\"target\":[\"https:\/\/www.quinchobarrilete.org.ni\/es\/justicia-social\/\"]}]},{\"@type\":\"ImageObject\",\"inLanguage\":\"en-US\",\"@id\":\"https:\/\/www.quinchobarrilete.org.ni\/es\/justicia-social\/#primaryimage\",\"url\":\"https:\/\/www.quinchobarrilete.org.ni\/wp-content\/uploads\/2025\/02\/1337-dde28fda-f3e5-11ef-8e86-7a48bda56843.png\",\"contentUrl\":\"https:\/\/www.quinchobarrilete.org.ni\/wp-content\/uploads\/2025\/02\/1337-dde28fda-f3e5-11ef-8e86-7a48bda56843.png\",\"width\":512,\"height\":384},{\"@type\":\"BreadcrumbList\",\"@id\":\"https:\/\/www.quinchobarrilete.org.ni\/es\/justicia-social\/#breadcrumb\",\"itemListElement\":[{\"@type\":\"ListItem\",\"position\":1,\"name\":\"Portada\",\"item\":\"https:\/\/www.quinchobarrilete.org.ni\/\"},{\"@type\":\"ListItem\",\"position\":2,\"name\":\"D\u00eda Mundial de la Justicia Social\"}]},{\"@type\":\"WebSite\",\"@id\":\"https:\/\/www.quinchobarrilete.org.ni\/es\/#website\",\"url\":\"https:\/\/www.quinchobarrilete.org.ni\/es\/\",\"name\":\"Asociaci\u00f3n Quincho Barrilete\",\"description\":\"Una Organizaci\u00f3n no gubernamental sin fines de lucro\",\"publisher\":{\"@id\":\"https:\/\/www.quinchobarrilete.org.ni\/es\/#organization\"},\"alternateName\":\"Quincho\",\"potentialAction\":[{\"@type\":\"SearchAction\",\"target\":{\"@type\":\"EntryPoint\",\"urlTemplate\":\"https:\/\/www.quinchobarrilete.org.ni\/es\/?s={search_term_string}\"},\"query-input\":{\"@type\":\"PropertyValueSpecification\",\"valueRequired\":true,\"valueName\":\"search_term_string\"}}],\"inLanguage\":\"en-US\"},{\"@type\":\"Organization\",\"@id\":\"https:\/\/www.quinchobarrilete.org.ni\/es\/#organization\",\"name\":\"Asociaci\u00f3n Quincho Barrilete\",\"url\":\"https:\/\/www.quinchobarrilete.org.ni\/es\/\",\"logo\":{\"@type\":\"ImageObject\",\"inLanguage\":\"en-US\",\"@id\":\"https:\/\/www.quinchobarrilete.org.ni\/es\/#\/schema\/logo\/image\/\",\"url\":\"https:\/\/www.quinchobarrilete.org.ni\/wp-content\/uploads\/2025\/01\/logo-2025-33anos-2-removebg-preview.png\",\"contentUrl\":\"https:\/\/www.quinchobarrilete.org.ni\/wp-content\/uploads\/2025\/01\/logo-2025-33anos-2-removebg-preview.png\",\"width\":500,\"height\":500,\"caption\":\"Asociaci\u00f3n Quincho Barrilete\"},\"image\":{\"@id\":\"https:\/\/www.quinchobarrilete.org.ni\/es\/#\/schema\/logo\/image\/\"},\"sameAs\":[\"https:\/\/www.facebook.com\/asociacionquinchobarrileteorg\/\",\"https:\/\/x.com\/aqbarrilete\"]},{\"@type\":\"Person\",\"@id\":\"https:\/\/www.quinchobarrilete.org.ni\/es\/#\/schema\/person\/44994a256bea95d432fc253b16914bbf\",\"name\":\"WebQuincho\",\"image\":{\"@type\":\"ImageObject\",\"inLanguage\":\"en-US\",\"@id\":\"https:\/\/www.quinchobarrilete.org.ni\/es\/#\/schema\/person\/image\/\",\"url\":\"https:\/\/secure.gravatar.com\/avatar\/94816127a9f3c0cd65e06d43d253c6ead978b56712f77d747a3092d5d775faaf?s=96&d=mm&r=g\",\"contentUrl\":\"https:\/\/secure.gravatar.com\/avatar\/94816127a9f3c0cd65e06d43d253c6ead978b56712f77d747a3092d5d775faaf?s=96&d=mm&r=g\",\"caption\":\"WebQuincho\"},\"sameAs\":[\"http:\/\/www.quinchobarrilete.org.ni\"],\"url\":\"https:\/\/www.quinchobarrilete.org.ni\/ing\/author\/webquincho\/\"}]}<\/script>\n<!-- \/ Yoast SEO plugin. -->","yoast_head_json":{"title":"D\u00eda Mundial de la Justicia Social - Asociaci\u00f3n Quincho Barrilete","description":"La justicia es el pilar de una sociedad equitativa y solidaria. En la Asociaci\u00f3n Quincho Barrilete creemos que todos los ni\u00f1os y ni\u00f1as merecen las mismas oportunidades para crecer, aprender y so\u00f1ar con un futuro mejor.","robots":{"index":"index","follow":"follow","max-snippet":"max-snippet:-1","max-image-preview":"max-image-preview:large","max-video-preview":"max-video-preview:-1"},"canonical":"https:\/\/www.quinchobarrilete.org.ni\/ing\/justicia-social\/","og_locale":"en_US","og_type":"article","og_title":"D\u00eda Mundial de la Justicia Social - Asociaci\u00f3n Quincho Barrilete","og_description":"La justicia es el pilar de una sociedad equitativa y solidaria. En la Asociaci\u00f3n Quincho Barrilete creemos que todos los ni\u00f1os y ni\u00f1as merecen las mismas oportunidades para crecer, aprender y so\u00f1ar con un futuro mejor.","og_url":"https:\/\/www.quinchobarrilete.org.ni\/ing\/justicia-social\/","og_site_name":"Asociaci\u00f3n Quincho Barrilete","article_publisher":"https:\/\/www.facebook.com\/asociacionquinchobarrileteorg\/","article_published_time":"2025-02-26T02:10:13+00:00","article_modified_time":"2025-02-26T02:10:15+00:00","og_image":[{"width":512,"height":384,"url":"https:\/\/www.quinchobarrilete.org.ni\/wp-content\/uploads\/2025\/02\/1337-dde28fda-f3e5-11ef-8e86-7a48bda56843.png","type":"image\/png"}],"author":"WebQuincho","twitter_card":"summary_large_image","twitter_creator":"@aqbarrilete","twitter_site":"@aqbarrilete","twitter_misc":{"Written by":"WebQuincho","Est. reading time":"2 minutes"},"schema":{"@context":"https:\/\/schema.org","@graph":[{"@type":"Article","@id":"https:\/\/www.quinchobarrilete.org.ni\/es\/justicia-social\/#article","isPartOf":{"@id":"https:\/\/www.quinchobarrilete.org.ni\/es\/justicia-social\/"},"author":{"name":"WebQuincho","@id":"https:\/\/www.quinchobarrilete.org.ni\/es\/#\/schema\/person\/44994a256bea95d432fc253b16914bbf"},"headline":"D\u00eda Mundial de la Justicia Social","datePublished":"2025-02-26T02:10:13+00:00","dateModified":"2025-02-26T02:10:15+00:00","mainEntityOfPage":{"@id":"https:\/\/www.quinchobarrilete.org.ni\/es\/justicia-social\/"},"wordCount":209,"commentCount":0,"publisher":{"@id":"https:\/\/www.quinchobarrilete.org.ni\/es\/#organization"},"image":{"@id":"https:\/\/www.quinchobarrilete.org.ni\/es\/justicia-social\/#primaryimage"},"thumbnailUrl":"https:\/\/www.quinchobarrilete.org.ni\/wp-content\/uploads\/2025\/02\/1337-dde28fda-f3e5-11ef-8e86-7a48bda56843.png","keywords":["#colegio","#educacion","#escuela","#familia","derechos","justicia","justicia social"],"articleSection":["Art\u00edculos"],"inLanguage":"en-US","potentialAction":[{"@type":"CommentAction","name":"Comment","target":["https:\/\/www.quinchobarrilete.org.ni\/es\/justicia-social\/#respond"]}]},{"@type":"WebPage","@id":"https:\/\/www.quinchobarrilete.org.ni\/es\/justicia-social\/","url":"https:\/\/www.quinchobarrilete.org.ni\/es\/justicia-social\/","name":"D\u00eda Mundial de la Justicia Social - Asociaci\u00f3n Quincho Barrilete","isPartOf":{"@id":"https:\/\/www.quinchobarrilete.org.ni\/es\/#website"},"primaryImageOfPage":{"@id":"https:\/\/www.quinchobarrilete.org.ni\/es\/justicia-social\/#primaryimage"},"image":{"@id":"https:\/\/www.quinchobarrilete.org.ni\/es\/justicia-social\/#primaryimage"},"thumbnailUrl":"https:\/\/www.quinchobarrilete.org.ni\/wp-content\/uploads\/2025\/02\/1337-dde28fda-f3e5-11ef-8e86-7a48bda56843.png","datePublished":"2025-02-26T02:10:13+00:00","dateModified":"2025-02-26T02:10:15+00:00","description":"La justicia es el pilar de una sociedad equitativa y solidaria. En la Asociaci\u00f3n Quincho Barrilete creemos que todos los ni\u00f1os y ni\u00f1as merecen las mismas oportunidades para crecer, aprender y so\u00f1ar con un futuro mejor.","breadcrumb":{"@id":"https:\/\/www.quinchobarrilete.org.ni\/es\/justicia-social\/#breadcrumb"},"inLanguage":"en-US","potentialAction":[{"@type":"ReadAction","target":["https:\/\/www.quinchobarrilete.org.ni\/es\/justicia-social\/"]}]},{"@type":"ImageObject","inLanguage":"en-US","@id":"https:\/\/www.quinchobarrilete.org.ni\/es\/justicia-social\/#primaryimage","url":"https:\/\/www.quinchobarrilete.org.ni\/wp-content\/uploads\/2025\/02\/1337-dde28fda-f3e5-11ef-8e86-7a48bda56843.png","contentUrl":"https:\/\/www.quinchobarrilete.org.ni\/wp-content\/uploads\/2025\/02\/1337-dde28fda-f3e5-11ef-8e86-7a48bda56843.png","width":512,"height":384},{"@type":"BreadcrumbList","@id":"https:\/\/www.quinchobarrilete.org.ni\/es\/justicia-social\/#breadcrumb","itemListElement":[{"@type":"ListItem","position":1,"name":"Portada","item":"https:\/\/www.quinchobarrilete.org.ni\/"},{"@type":"ListItem","position":2,"name":"D\u00eda Mundial de la Justicia Social"}]},{"@type":"WebSite","@id":"https:\/\/www.quinchobarrilete.org.ni\/es\/#website","url":"https:\/\/www.quinchobarrilete.org.ni\/es\/","name":"Asociaci\u00f3n Quincho Barrilete","description":"Una Organizaci\u00f3n no gubernamental sin fines de lucro","publisher":{"@id":"https:\/\/www.quinchobarrilete.org.ni\/es\/#organization"},"alternateName":"Quincho","potentialAction":[{"@type":"SearchAction","target":{"@type":"EntryPoint","urlTemplate":"https:\/\/www.quinchobarrilete.org.ni\/es\/?s={search_term_string}"},"query-input":{"@type":"PropertyValueSpecification","valueRequired":true,"valueName":"search_term_string"}}],"inLanguage":"en-US"},{"@type":"Organization","@id":"https:\/\/www.quinchobarrilete.org.ni\/es\/#organization","name":"Asociaci\u00f3n Quincho Barrilete","url":"https:\/\/www.quinchobarrilete.org.ni\/es\/","logo":{"@type":"ImageObject","inLanguage":"en-US","@id":"https:\/\/www.quinchobarrilete.org.ni\/es\/#\/schema\/logo\/image\/","url":"https:\/\/www.quinchobarrilete.org.ni\/wp-content\/uploads\/2025\/01\/logo-2025-33anos-2-removebg-preview.png","contentUrl":"https:\/\/www.quinchobarrilete.org.ni\/wp-content\/uploads\/2025\/01\/logo-2025-33anos-2-removebg-preview.png","width":500,"height":500,"caption":"Asociaci\u00f3n Quincho Barrilete"},"image":{"@id":"https:\/\/www.quinchobarrilete.org.ni\/es\/#\/schema\/logo\/image\/"},"sameAs":["https:\/\/www.facebook.com\/asociacionquinchobarrileteorg\/","https:\/\/x.com\/aqbarrilete"]},{"@type":"Person","@id":"https:\/\/www.quinchobarrilete.org.ni\/es\/#\/schema\/person\/44994a256bea95d432fc253b16914bbf","name":"WebQuincho","image":{"@type":"ImageObject","inLanguage":"en-US","@id":"https:\/\/www.quinchobarrilete.org.ni\/es\/#\/schema\/person\/image\/","url":"https:\/\/secure.gravatar.com\/avatar\/94816127a9f3c0cd65e06d43d253c6ead978b56712f77d747a3092d5d775faaf?s=96&d=mm&r=g","contentUrl":"https:\/\/secure.gravatar.com\/avatar\/94816127a9f3c0cd65e06d43d253c6ead978b56712f77d747a3092d5d775faaf?s=96&d=mm&r=g","caption":"WebQuincho"},"sameAs":["http:\/\/www.quinchobarrilete.org.ni"],"url":"https:\/\/www.quinchobarrilete.org.ni\/ing\/author\/webquincho\/"}]}},"_links":{"self":[{"href":"https:\/\/www.quinchobarrilete.org.ni\/ing\/wp-json\/wp\/v2\/posts\/4974","targetHints":{"allow":["GET"]}}],"collection":[{"href":"https:\/\/www.quinchobarrilete.org.ni\/ing\/wp-json\/wp\/v2\/posts"}],"about":[{"href":"https:\/\/www.quinchobarrilete.org.ni\/ing\/wp-json\/wp\/v2\/types\/post"}],"author":[{"embeddable":true,"href":"https:\/\/www.quinchobarrilete.org.ni\/ing\/wp-json\/wp\/v2\/users\/1"}],"replies":[{"embeddable":true,"href":"https:\/\/www.quinchobarrilete.org.ni\/ing\/wp-json\/wp\/v2\/comments?post=4974"}],"version-history":[{"count":1,"href":"https:\/\/www.quinchobarrilete.org.ni\/ing\/wp-json\/wp\/v2\/posts\/4974\/revisions"}],"predecessor-version":[{"id":4976,"href":"https:\/\/www.quinchobarrilete.org.ni\/ing\/wp-json\/wp\/v2\/posts\/4974\/revisions\/4976"}],"wp:featuredmedia":[{"embeddable":true,"href":"https:\/\/www.quinchobarrilete.org.ni\/ing\/wp-json\/wp\/v2\/media\/4975"}],"wp:attachment":[{"href":"https:\/\/www.quinchobarrilete.org.ni\/ing\/wp-json\/wp\/v2\/media?parent=4974"}],"wp:term":[{"taxonomy":"category","embeddable":true,"href":"https:\/\/www.quinchobarrilete.org.ni\/ing\/wp-json\/wp\/v2\/categories?post=4974"},{"taxonomy":"post_tag","embeddable":true,"href":"https:\/\/www.quinchobarrilete.org.ni\/ing\/wp-json\/wp\/v2\/tags?post=4974"}],"curies":[{"name":"wp","href":"https:\/\/api.w.org\/{rel}","templated":true}]}}