{"id":4828,"date":"2024-06-28T17:42:30","date_gmt":"2024-06-28T17:42:30","guid":{"rendered":"https:\/\/www.quinchobarrilete.org.ni\/?p=4828"},"modified":"2024-06-28T17:42:32","modified_gmt":"2024-06-28T17:42:32","slug":"feliz-dia-del-maestro-nicaraguense","status":"publish","type":"post","link":"https:\/\/www.quinchobarrilete.org.ni\/ing\/feliz-dia-del-maestro-nicaraguense\/","title":{"rendered":"Feliz d\u00eda del Maestro Nicarag\u00fcense"},"content":{"rendered":"<div class=\"pdfprnt-buttons pdfprnt-buttons-post pdfprnt-top-bottom-left\"><a href=\"https:\/\/www.quinchobarrilete.org.ni\/ing\/wp-json\/wp\/v2\/posts\/4828?print=pdf\" class=\"pdfprnt-button pdfprnt-button-pdf\" target=\"_blank\" ><span class=\"pdfprnt-button-title pdfprnt-button-pdf-title\">Descarga Art\u00edculo<\/span><\/a><a href=\"https:\/\/www.quinchobarrilete.org.ni\/ing\/wp-json\/wp\/v2\/posts\/4828?print=print\" class=\"pdfprnt-button pdfprnt-button-print\" target=\"_blank\" ><img decoding=\"async\" src=\"https:\/\/www.quinchobarrilete.org.ni\/wp-content\/plugins\/pdf-print\/images\/print.png\" alt=\"image_print\" title=\"Print Content\" \/><\/a><\/div>\n<p>En este d\u00eda queremos expresar nuestro agradecimiento a todos los maestros y maestras de Nicaragua, por su dedicaci\u00f3n y compromiso, en especial a las maestras que son parte de Asociaci\u00f3n Quincho Barrilete.<\/p>\n\n\n\n<p>Profesoras Daysi Mej\u00eda, Karla M\u00e9ndez, Mar\u00eda Eugenia Castillo y Miurel Garc\u00eda, \u00a1GRACIAS! Su incansable labor no solo brinda conocimientos, sino tambi\u00e9n valores que acompa\u00f1ar\u00e1n a los ni\u00f1os y ni\u00f1as durante toda su vida.<\/p>\n\n\n\n<p>Con su pasi\u00f3n y entrega construyen el futuro de nuestro pa\u00eds, formando ciudadanos con principios y habilidades para enfrentar todos los desaf\u00edos.<\/p>\n\n\n\n<p>En el D\u00eda del maestro, les rendimos homenaje a aquellos que d\u00eda a d\u00eda transforman las aulas en espacios de aprendizaje y crecimiento personal. Agradecemos su dedicaci\u00f3n, entusiamo y por creer en cada uno de nosotros, por sembrar en nuestros corazones la semilla del conocimiento y la curiosidad.<\/p>\n\n\n\n<p>Maestros de Nicaragua, cada lecci\u00f3n, consejo y ense\u00f1anza deja una huella imborrable en nuestras vidas. Gracias por su trabajo incansable y por su inquebrantable esp\u00edritu de ense\u00f1ar y guiar. \u00a1Feliz D\u00eda del Maestro!<\/p>\n\n\n\n<figure class=\"wp-block-image size-large is-style-default\"><img fetchpriority=\"high\" decoding=\"async\" width=\"1024\" height=\"1024\" src=\"https:\/\/www.quinchobarrilete.org.ni\/wp-content\/uploads\/2024\/06\/9-1024x1024.jpg\" alt=\"\" class=\"wp-image-4829\" srcset=\"https:\/\/www.quinchobarrilete.org.ni\/wp-content\/uploads\/2024\/06\/9-1024x1024.jpg 1024w, https:\/\/www.quinchobarrilete.org.ni\/wp-content\/uploads\/2024\/06\/9-300x300.jpg 300w, https:\/\/www.quinchobarrilete.org.ni\/wp-content\/uploads\/2024\/06\/9-150x150.jpg 150w, https:\/\/www.quinchobarrilete.org.ni\/wp-content\/uploads\/2024\/06\/9-768x768.jpg 768w, https:\/\/www.quinchobarrilete.org.ni\/wp-content\/uploads\/2024\/06\/9-12x12.jpg 12w, https:\/\/www.quinchobarrilete.org.ni\/wp-content\/uploads\/2024\/06\/9-600x600.jpg 600w, https:\/\/www.quinchobarrilete.org.ni\/wp-content\/uploads\/2024\/06\/9-100x100.jpg 100w, https:\/\/www.quinchobarrilete.org.ni\/wp-content\/uploads\/2024\/06\/9.jpg 1080w\" sizes=\"(max-width: 1024px) 100vw, 1024px\" \/><\/figure>\n\n\n\n<figure class=\"wp-block-image size-large is-style-default\"><img decoding=\"async\" width=\"1024\" height=\"1024\" src=\"https:\/\/www.quinchobarrilete.org.ni\/wp-content\/uploads\/2024\/06\/10-1024x1024.jpg\" alt=\"\" class=\"wp-image-4830\" srcset=\"https:\/\/www.quinchobarrilete.org.ni\/wp-content\/uploads\/2024\/06\/10-1024x1024.jpg 1024w, https:\/\/www.quinchobarrilete.org.ni\/wp-content\/uploads\/2024\/06\/10-300x300.jpg 300w, https:\/\/www.quinchobarrilete.org.ni\/wp-content\/uploads\/2024\/06\/10-150x150.jpg 150w, https:\/\/www.quinchobarrilete.org.ni\/wp-content\/uploads\/2024\/06\/10-768x768.jpg 768w, https:\/\/www.quinchobarrilete.org.ni\/wp-content\/uploads\/2024\/06\/10-12x12.jpg 12w, https:\/\/www.quinchobarrilete.org.ni\/wp-content\/uploads\/2024\/06\/10-600x600.jpg 600w, https:\/\/www.quinchobarrilete.org.ni\/wp-content\/uploads\/2024\/06\/10-100x100.jpg 100w, https:\/\/www.quinchobarrilete.org.ni\/wp-content\/uploads\/2024\/06\/10.jpg 1080w\" sizes=\"(max-width: 1024px) 100vw, 1024px\" \/><\/figure>\n<div class=\"pdfprnt-buttons pdfprnt-buttons-post pdfprnt-top-bottom-left\"><a href=\"https:\/\/www.quinchobarrilete.org.ni\/ing\/wp-json\/wp\/v2\/posts\/4828?print=pdf\" class=\"pdfprnt-button pdfprnt-button-pdf\" target=\"_blank\" ><span class=\"pdfprnt-button-title pdfprnt-button-pdf-title\">Descarga Art\u00edculo<\/span><\/a><a href=\"https:\/\/www.quinchobarrilete.org.ni\/ing\/wp-json\/wp\/v2\/posts\/4828?print=print\" class=\"pdfprnt-button pdfprnt-button-print\" target=\"_blank\" ><img decoding=\"async\" src=\"https:\/\/www.quinchobarrilete.org.ni\/wp-content\/plugins\/pdf-print\/images\/print.png\" alt=\"image_print\" title=\"Print Content\" \/><\/a><\/div>","protected":false},"excerpt":{"rendered":"<p>Profesoras Daysi Mej\u00eda, Karla M\u00e9ndez, Mar\u00eda Eugenia Castillo y Miurel Garc\u00eda, \u00a1GRACIAS! Su incansable labor no solo brinda conocimientos, sino tambi\u00e9n valores que acompa\u00f1ar\u00e1n a los ni\u00f1os y ni\u00f1as durante toda su vida.<\/p>","protected":false},"author":1,"featured_media":4831,"comment_status":"open","ping_status":"open","sticky":false,"template":"","format":"standard","meta":{"footnotes":""},"categories":[18],"tags":[86,89,88,92,183,187,182,186,184,185],"class_list":["post-4828","post","type-post","status-publish","format-standard","has-post-thumbnail","hentry","category-articulo","tag-colegio","tag-docentes","tag-educacion","tag-escuela","tag-maestras","tag-maestro","tag-maestros","tag-primaria","tag-profesor","tag-profesores"],"yoast_head":"<!-- This site is optimized with the Yoast SEO plugin v27.1.1 - https:\/\/yoast.com\/product\/yoast-seo-wordpress\/ -->\n<title>Feliz d\u00eda del Maestro Nicarag\u00fcense - Asociaci\u00f3n Quincho Barrilete<\/title>\n<meta name=\"robots\" content=\"index, follow, max-snippet:-1, max-image-preview:large, max-video-preview:-1\" \/>\n<link rel=\"canonical\" href=\"https:\/\/www.quinchobarrilete.org.ni\/ing\/feliz-dia-del-maestro-nicaraguense\/\" \/>\n<meta property=\"og:locale\" content=\"en_US\" \/>\n<meta property=\"og:type\" content=\"article\" \/>\n<meta property=\"og:title\" content=\"Feliz d\u00eda del Maestro Nicarag\u00fcense - Asociaci\u00f3n Quincho Barrilete\" \/>\n<meta property=\"og:description\" content=\"Profesoras Daysi Mej\u00eda, Karla M\u00e9ndez, Mar\u00eda Eugenia Castillo y Miurel Garc\u00eda, \u00a1GRACIAS! Su incansable labor no solo brinda conocimientos, sino tambi\u00e9n valores que acompa\u00f1ar\u00e1n a los ni\u00f1os y ni\u00f1as durante toda su vida.\" \/>\n<meta property=\"og:url\" content=\"https:\/\/www.quinchobarrilete.org.ni\/ing\/feliz-dia-del-maestro-nicaraguense\/\" \/>\n<meta property=\"og:site_name\" content=\"Asociaci\u00f3n Quincho Barrilete\" \/>\n<meta property=\"article:publisher\" content=\"https:\/\/www.facebook.com\/asociacionquinchobarrileteorg\/\" \/>\n<meta property=\"article:published_time\" content=\"2024-06-28T17:42:30+00:00\" \/>\n<meta property=\"article:modified_time\" content=\"2024-06-28T17:42:32+00:00\" \/>\n<meta property=\"og:image\" content=\"https:\/\/www.quinchobarrilete.org.ni\/wp-content\/uploads\/2024\/06\/646105-45967-dia-2520del-2520maestro-0.jpg\" \/>\n\t<meta property=\"og:image:width\" content=\"960\" \/>\n\t<meta property=\"og:image:height\" content=\"540\" \/>\n\t<meta property=\"og:image:type\" content=\"image\/jpeg\" \/>\n<meta name=\"author\" content=\"WebQuincho\" \/>\n<meta name=\"twitter:card\" content=\"summary_large_image\" \/>\n<meta name=\"twitter:creator\" content=\"@aqbarrilete\" \/>\n<meta name=\"twitter:site\" content=\"@aqbarrilete\" \/>\n<meta name=\"twitter:label1\" content=\"Written by\" \/>\n\t<meta name=\"twitter:data1\" content=\"WebQuincho\" \/>\n\t<meta name=\"twitter:label2\" content=\"Est. reading time\" \/>\n\t<meta name=\"twitter:data2\" content=\"2 minutes\" \/>\n<script type=\"application\/ld+json\" class=\"yoast-schema-graph\">{\"@context\":\"https:\/\/schema.org\",\"@graph\":[{\"@type\":\"Article\",\"@id\":\"https:\/\/www.quinchobarrilete.org.ni\/es\/feliz-dia-del-maestro-nicaraguense\/#article\",\"isPartOf\":{\"@id\":\"https:\/\/www.quinchobarrilete.org.ni\/es\/feliz-dia-del-maestro-nicaraguense\/\"},\"author\":{\"name\":\"WebQuincho\",\"@id\":\"https:\/\/www.quinchobarrilete.org.ni\/es\/#\/schema\/person\/44994a256bea95d432fc253b16914bbf\"},\"headline\":\"Feliz d\u00eda del Maestro Nicarag\u00fcense\",\"datePublished\":\"2024-06-28T17:42:30+00:00\",\"dateModified\":\"2024-06-28T17:42:32+00:00\",\"mainEntityOfPage\":{\"@id\":\"https:\/\/www.quinchobarrilete.org.ni\/es\/feliz-dia-del-maestro-nicaraguense\/\"},\"wordCount\":199,\"commentCount\":1,\"publisher\":{\"@id\":\"https:\/\/www.quinchobarrilete.org.ni\/es\/#organization\"},\"image\":{\"@id\":\"https:\/\/www.quinchobarrilete.org.ni\/es\/feliz-dia-del-maestro-nicaraguense\/#primaryimage\"},\"thumbnailUrl\":\"https:\/\/www.quinchobarrilete.org.ni\/wp-content\/uploads\/2024\/06\/646105-45967-dia-2520del-2520maestro-0.jpg\",\"keywords\":[\"#colegio\",\"#docentes\",\"#educacion\",\"#escuela\",\"#maestras\",\"#maestro\",\"#maestros\",\"#primaria\",\"#profesor\",\"#profesores\"],\"articleSection\":[\"Art\u00edculos\"],\"inLanguage\":\"en-US\",\"potentialAction\":[{\"@type\":\"CommentAction\",\"name\":\"Comment\",\"target\":[\"https:\/\/www.quinchobarrilete.org.ni\/es\/feliz-dia-del-maestro-nicaraguense\/#respond\"]}]},{\"@type\":\"WebPage\",\"@id\":\"https:\/\/www.quinchobarrilete.org.ni\/es\/feliz-dia-del-maestro-nicaraguense\/\",\"url\":\"https:\/\/www.quinchobarrilete.org.ni\/es\/feliz-dia-del-maestro-nicaraguense\/\",\"name\":\"Feliz d\u00eda del Maestro Nicarag\u00fcense - Asociaci\u00f3n Quincho Barrilete\",\"isPartOf\":{\"@id\":\"https:\/\/www.quinchobarrilete.org.ni\/es\/#website\"},\"primaryImageOfPage\":{\"@id\":\"https:\/\/www.quinchobarrilete.org.ni\/es\/feliz-dia-del-maestro-nicaraguense\/#primaryimage\"},\"image\":{\"@id\":\"https:\/\/www.quinchobarrilete.org.ni\/es\/feliz-dia-del-maestro-nicaraguense\/#primaryimage\"},\"thumbnailUrl\":\"https:\/\/www.quinchobarrilete.org.ni\/wp-content\/uploads\/2024\/06\/646105-45967-dia-2520del-2520maestro-0.jpg\",\"datePublished\":\"2024-06-28T17:42:30+00:00\",\"dateModified\":\"2024-06-28T17:42:32+00:00\",\"breadcrumb\":{\"@id\":\"https:\/\/www.quinchobarrilete.org.ni\/es\/feliz-dia-del-maestro-nicaraguense\/#breadcrumb\"},\"inLanguage\":\"en-US\",\"potentialAction\":[{\"@type\":\"ReadAction\",\"target\":[\"https:\/\/www.quinchobarrilete.org.ni\/es\/feliz-dia-del-maestro-nicaraguense\/\"]}]},{\"@type\":\"ImageObject\",\"inLanguage\":\"en-US\",\"@id\":\"https:\/\/www.quinchobarrilete.org.ni\/es\/feliz-dia-del-maestro-nicaraguense\/#primaryimage\",\"url\":\"https:\/\/www.quinchobarrilete.org.ni\/wp-content\/uploads\/2024\/06\/646105-45967-dia-2520del-2520maestro-0.jpg\",\"contentUrl\":\"https:\/\/www.quinchobarrilete.org.ni\/wp-content\/uploads\/2024\/06\/646105-45967-dia-2520del-2520maestro-0.jpg\",\"width\":960,\"height\":540},{\"@type\":\"BreadcrumbList\",\"@id\":\"https:\/\/www.quinchobarrilete.org.ni\/es\/feliz-dia-del-maestro-nicaraguense\/#breadcrumb\",\"itemListElement\":[{\"@type\":\"ListItem\",\"position\":1,\"name\":\"Portada\",\"item\":\"https:\/\/www.quinchobarrilete.org.ni\/\"},{\"@type\":\"ListItem\",\"position\":2,\"name\":\"Feliz d\u00eda del Maestro Nicarag\u00fcense\"}]},{\"@type\":\"WebSite\",\"@id\":\"https:\/\/www.quinchobarrilete.org.ni\/es\/#website\",\"url\":\"https:\/\/www.quinchobarrilete.org.ni\/es\/\",\"name\":\"Asociaci\u00f3n Quincho Barrilete\",\"description\":\"Una Organizaci\u00f3n no gubernamental sin fines de lucro\",\"publisher\":{\"@id\":\"https:\/\/www.quinchobarrilete.org.ni\/es\/#organization\"},\"alternateName\":\"Quincho\",\"potentialAction\":[{\"@type\":\"SearchAction\",\"target\":{\"@type\":\"EntryPoint\",\"urlTemplate\":\"https:\/\/www.quinchobarrilete.org.ni\/es\/?s={search_term_string}\"},\"query-input\":{\"@type\":\"PropertyValueSpecification\",\"valueRequired\":true,\"valueName\":\"search_term_string\"}}],\"inLanguage\":\"en-US\"},{\"@type\":\"Organization\",\"@id\":\"https:\/\/www.quinchobarrilete.org.ni\/es\/#organization\",\"name\":\"Asociaci\u00f3n Quincho Barrilete\",\"url\":\"https:\/\/www.quinchobarrilete.org.ni\/es\/\",\"logo\":{\"@type\":\"ImageObject\",\"inLanguage\":\"en-US\",\"@id\":\"https:\/\/www.quinchobarrilete.org.ni\/es\/#\/schema\/logo\/image\/\",\"url\":\"https:\/\/www.quinchobarrilete.org.ni\/wp-content\/uploads\/2025\/01\/logo-2025-33anos-2-removebg-preview.png\",\"contentUrl\":\"https:\/\/www.quinchobarrilete.org.ni\/wp-content\/uploads\/2025\/01\/logo-2025-33anos-2-removebg-preview.png\",\"width\":500,\"height\":500,\"caption\":\"Asociaci\u00f3n Quincho Barrilete\"},\"image\":{\"@id\":\"https:\/\/www.quinchobarrilete.org.ni\/es\/#\/schema\/logo\/image\/\"},\"sameAs\":[\"https:\/\/www.facebook.com\/asociacionquinchobarrileteorg\/\",\"https:\/\/x.com\/aqbarrilete\"]},{\"@type\":\"Person\",\"@id\":\"https:\/\/www.quinchobarrilete.org.ni\/es\/#\/schema\/person\/44994a256bea95d432fc253b16914bbf\",\"name\":\"WebQuincho\",\"image\":{\"@type\":\"ImageObject\",\"inLanguage\":\"en-US\",\"@id\":\"https:\/\/www.quinchobarrilete.org.ni\/es\/#\/schema\/person\/image\/\",\"url\":\"https:\/\/secure.gravatar.com\/avatar\/94816127a9f3c0cd65e06d43d253c6ead978b56712f77d747a3092d5d775faaf?s=96&d=mm&r=g\",\"contentUrl\":\"https:\/\/secure.gravatar.com\/avatar\/94816127a9f3c0cd65e06d43d253c6ead978b56712f77d747a3092d5d775faaf?s=96&d=mm&r=g\",\"caption\":\"WebQuincho\"},\"sameAs\":[\"http:\/\/www.quinchobarrilete.org.ni\"],\"url\":\"https:\/\/www.quinchobarrilete.org.ni\/ing\/author\/webquincho\/\"}]}<\/script>\n<!-- \/ Yoast SEO plugin. -->","yoast_head_json":{"title":"Feliz d\u00eda del Maestro Nicarag\u00fcense - Asociaci\u00f3n Quincho Barrilete","robots":{"index":"index","follow":"follow","max-snippet":"max-snippet:-1","max-image-preview":"max-image-preview:large","max-video-preview":"max-video-preview:-1"},"canonical":"https:\/\/www.quinchobarrilete.org.ni\/ing\/feliz-dia-del-maestro-nicaraguense\/","og_locale":"en_US","og_type":"article","og_title":"Feliz d\u00eda del Maestro Nicarag\u00fcense - Asociaci\u00f3n Quincho Barrilete","og_description":"Profesoras Daysi Mej\u00eda, Karla M\u00e9ndez, Mar\u00eda Eugenia Castillo y Miurel Garc\u00eda, \u00a1GRACIAS! Su incansable labor no solo brinda conocimientos, sino tambi\u00e9n valores que acompa\u00f1ar\u00e1n a los ni\u00f1os y ni\u00f1as durante toda su vida.","og_url":"https:\/\/www.quinchobarrilete.org.ni\/ing\/feliz-dia-del-maestro-nicaraguense\/","og_site_name":"Asociaci\u00f3n Quincho Barrilete","article_publisher":"https:\/\/www.facebook.com\/asociacionquinchobarrileteorg\/","article_published_time":"2024-06-28T17:42:30+00:00","article_modified_time":"2024-06-28T17:42:32+00:00","og_image":[{"width":960,"height":540,"url":"https:\/\/www.quinchobarrilete.org.ni\/wp-content\/uploads\/2024\/06\/646105-45967-dia-2520del-2520maestro-0.jpg","type":"image\/jpeg"}],"author":"WebQuincho","twitter_card":"summary_large_image","twitter_creator":"@aqbarrilete","twitter_site":"@aqbarrilete","twitter_misc":{"Written by":"WebQuincho","Est. reading time":"2 minutes"},"schema":{"@context":"https:\/\/schema.org","@graph":[{"@type":"Article","@id":"https:\/\/www.quinchobarrilete.org.ni\/es\/feliz-dia-del-maestro-nicaraguense\/#article","isPartOf":{"@id":"https:\/\/www.quinchobarrilete.org.ni\/es\/feliz-dia-del-maestro-nicaraguense\/"},"author":{"name":"WebQuincho","@id":"https:\/\/www.quinchobarrilete.org.ni\/es\/#\/schema\/person\/44994a256bea95d432fc253b16914bbf"},"headline":"Feliz d\u00eda del Maestro Nicarag\u00fcense","datePublished":"2024-06-28T17:42:30+00:00","dateModified":"2024-06-28T17:42:32+00:00","mainEntityOfPage":{"@id":"https:\/\/www.quinchobarrilete.org.ni\/es\/feliz-dia-del-maestro-nicaraguense\/"},"wordCount":199,"commentCount":1,"publisher":{"@id":"https:\/\/www.quinchobarrilete.org.ni\/es\/#organization"},"image":{"@id":"https:\/\/www.quinchobarrilete.org.ni\/es\/feliz-dia-del-maestro-nicaraguense\/#primaryimage"},"thumbnailUrl":"https:\/\/www.quinchobarrilete.org.ni\/wp-content\/uploads\/2024\/06\/646105-45967-dia-2520del-2520maestro-0.jpg","keywords":["#colegio","#docentes","#educacion","#escuela","#maestras","#maestro","#maestros","#primaria","#profesor","#profesores"],"articleSection":["Art\u00edculos"],"inLanguage":"en-US","potentialAction":[{"@type":"CommentAction","name":"Comment","target":["https:\/\/www.quinchobarrilete.org.ni\/es\/feliz-dia-del-maestro-nicaraguense\/#respond"]}]},{"@type":"WebPage","@id":"https:\/\/www.quinchobarrilete.org.ni\/es\/feliz-dia-del-maestro-nicaraguense\/","url":"https:\/\/www.quinchobarrilete.org.ni\/es\/feliz-dia-del-maestro-nicaraguense\/","name":"Feliz d\u00eda del Maestro Nicarag\u00fcense - Asociaci\u00f3n Quincho Barrilete","isPartOf":{"@id":"https:\/\/www.quinchobarrilete.org.ni\/es\/#website"},"primaryImageOfPage":{"@id":"https:\/\/www.quinchobarrilete.org.ni\/es\/feliz-dia-del-maestro-nicaraguense\/#primaryimage"},"image":{"@id":"https:\/\/www.quinchobarrilete.org.ni\/es\/feliz-dia-del-maestro-nicaraguense\/#primaryimage"},"thumbnailUrl":"https:\/\/www.quinchobarrilete.org.ni\/wp-content\/uploads\/2024\/06\/646105-45967-dia-2520del-2520maestro-0.jpg","datePublished":"2024-06-28T17:42:30+00:00","dateModified":"2024-06-28T17:42:32+00:00","breadcrumb":{"@id":"https:\/\/www.quinchobarrilete.org.ni\/es\/feliz-dia-del-maestro-nicaraguense\/#breadcrumb"},"inLanguage":"en-US","potentialAction":[{"@type":"ReadAction","target":["https:\/\/www.quinchobarrilete.org.ni\/es\/feliz-dia-del-maestro-nicaraguense\/"]}]},{"@type":"ImageObject","inLanguage":"en-US","@id":"https:\/\/www.quinchobarrilete.org.ni\/es\/feliz-dia-del-maestro-nicaraguense\/#primaryimage","url":"https:\/\/www.quinchobarrilete.org.ni\/wp-content\/uploads\/2024\/06\/646105-45967-dia-2520del-2520maestro-0.jpg","contentUrl":"https:\/\/www.quinchobarrilete.org.ni\/wp-content\/uploads\/2024\/06\/646105-45967-dia-2520del-2520maestro-0.jpg","width":960,"height":540},{"@type":"BreadcrumbList","@id":"https:\/\/www.quinchobarrilete.org.ni\/es\/feliz-dia-del-maestro-nicaraguense\/#breadcrumb","itemListElement":[{"@type":"ListItem","position":1,"name":"Portada","item":"https:\/\/www.quinchobarrilete.org.ni\/"},{"@type":"ListItem","position":2,"name":"Feliz d\u00eda del Maestro Nicarag\u00fcense"}]},{"@type":"WebSite","@id":"https:\/\/www.quinchobarrilete.org.ni\/es\/#website","url":"https:\/\/www.quinchobarrilete.org.ni\/es\/","name":"Asociaci\u00f3n Quincho Barrilete","description":"Una Organizaci\u00f3n no gubernamental sin fines de lucro","publisher":{"@id":"https:\/\/www.quinchobarrilete.org.ni\/es\/#organization"},"alternateName":"Quincho","potentialAction":[{"@type":"SearchAction","target":{"@type":"EntryPoint","urlTemplate":"https:\/\/www.quinchobarrilete.org.ni\/es\/?s={search_term_string}"},"query-input":{"@type":"PropertyValueSpecification","valueRequired":true,"valueName":"search_term_string"}}],"inLanguage":"en-US"},{"@type":"Organization","@id":"https:\/\/www.quinchobarrilete.org.ni\/es\/#organization","name":"Asociaci\u00f3n Quincho Barrilete","url":"https:\/\/www.quinchobarrilete.org.ni\/es\/","logo":{"@type":"ImageObject","inLanguage":"en-US","@id":"https:\/\/www.quinchobarrilete.org.ni\/es\/#\/schema\/logo\/image\/","url":"https:\/\/www.quinchobarrilete.org.ni\/wp-content\/uploads\/2025\/01\/logo-2025-33anos-2-removebg-preview.png","contentUrl":"https:\/\/www.quinchobarrilete.org.ni\/wp-content\/uploads\/2025\/01\/logo-2025-33anos-2-removebg-preview.png","width":500,"height":500,"caption":"Asociaci\u00f3n Quincho Barrilete"},"image":{"@id":"https:\/\/www.quinchobarrilete.org.ni\/es\/#\/schema\/logo\/image\/"},"sameAs":["https:\/\/www.facebook.com\/asociacionquinchobarrileteorg\/","https:\/\/x.com\/aqbarrilete"]},{"@type":"Person","@id":"https:\/\/www.quinchobarrilete.org.ni\/es\/#\/schema\/person\/44994a256bea95d432fc253b16914bbf","name":"WebQuincho","image":{"@type":"ImageObject","inLanguage":"en-US","@id":"https:\/\/www.quinchobarrilete.org.ni\/es\/#\/schema\/person\/image\/","url":"https:\/\/secure.gravatar.com\/avatar\/94816127a9f3c0cd65e06d43d253c6ead978b56712f77d747a3092d5d775faaf?s=96&d=mm&r=g","contentUrl":"https:\/\/secure.gravatar.com\/avatar\/94816127a9f3c0cd65e06d43d253c6ead978b56712f77d747a3092d5d775faaf?s=96&d=mm&r=g","caption":"WebQuincho"},"sameAs":["http:\/\/www.quinchobarrilete.org.ni"],"url":"https:\/\/www.quinchobarrilete.org.ni\/ing\/author\/webquincho\/"}]}},"_links":{"self":[{"href":"https:\/\/www.quinchobarrilete.org.ni\/ing\/wp-json\/wp\/v2\/posts\/4828","targetHints":{"allow":["GET"]}}],"collection":[{"href":"https:\/\/www.quinchobarrilete.org.ni\/ing\/wp-json\/wp\/v2\/posts"}],"about":[{"href":"https:\/\/www.quinchobarrilete.org.ni\/ing\/wp-json\/wp\/v2\/types\/post"}],"author":[{"embeddable":true,"href":"https:\/\/www.quinchobarrilete.org.ni\/ing\/wp-json\/wp\/v2\/users\/1"}],"replies":[{"embeddable":true,"href":"https:\/\/www.quinchobarrilete.org.ni\/ing\/wp-json\/wp\/v2\/comments?post=4828"}],"version-history":[{"count":1,"href":"https:\/\/www.quinchobarrilete.org.ni\/ing\/wp-json\/wp\/v2\/posts\/4828\/revisions"}],"predecessor-version":[{"id":4832,"href":"https:\/\/www.quinchobarrilete.org.ni\/ing\/wp-json\/wp\/v2\/posts\/4828\/revisions\/4832"}],"wp:featuredmedia":[{"embeddable":true,"href":"https:\/\/www.quinchobarrilete.org.ni\/ing\/wp-json\/wp\/v2\/media\/4831"}],"wp:attachment":[{"href":"https:\/\/www.quinchobarrilete.org.ni\/ing\/wp-json\/wp\/v2\/media?parent=4828"}],"wp:term":[{"taxonomy":"category","embeddable":true,"href":"https:\/\/www.quinchobarrilete.org.ni\/ing\/wp-json\/wp\/v2\/categories?post=4828"},{"taxonomy":"post_tag","embeddable":true,"href":"https:\/\/www.quinchobarrilete.org.ni\/ing\/wp-json\/wp\/v2\/tags?post=4828"}],"curies":[{"name":"wp","href":"https:\/\/api.w.org\/{rel}","templated":true}]}}