{"id":4807,"date":"2024-06-12T22:59:03","date_gmt":"2024-06-12T22:59:03","guid":{"rendered":"https:\/\/www.quinchobarrilete.org.ni\/?p=4807"},"modified":"2024-06-12T22:59:05","modified_gmt":"2024-06-12T22:59:05","slug":"celebramos-a-los-cumpleaneros-de-asociacion-quincho-barrilete","status":"publish","type":"post","link":"https:\/\/www.quinchobarrilete.org.ni\/ing\/celebramos-a-los-cumpleaneros-de-asociacion-quincho-barrilete\/","title":{"rendered":"\u00a1Celebramos a los cumplea\u00f1eros de Asociaci\u00f3n Quincho Barrilete!"},"content":{"rendered":"<div class=\"pdfprnt-buttons pdfprnt-buttons-post pdfprnt-top-bottom-left\"><a href=\"https:\/\/www.quinchobarrilete.org.ni\/ing\/wp-json\/wp\/v2\/posts\/4807?print=pdf\" class=\"pdfprnt-button pdfprnt-button-pdf\" target=\"_blank\" ><span class=\"pdfprnt-button-title pdfprnt-button-pdf-title\">Descarga Art\u00edculo<\/span><\/a><a href=\"https:\/\/www.quinchobarrilete.org.ni\/ing\/wp-json\/wp\/v2\/posts\/4807?print=print\" class=\"pdfprnt-button pdfprnt-button-print\" target=\"_blank\" ><img decoding=\"async\" src=\"https:\/\/www.quinchobarrilete.org.ni\/wp-content\/plugins\/pdf-print\/images\/print.png\" alt=\"image_print\" title=\"Print Content\" \/><\/a><\/div>\n<p>En AQB cada trimestre tenemos la oportunidad de celebrar la vida y la alegr\u00eda de nuestros queridos ni\u00f1os y ni\u00f1as. En esta ocasi\u00f3n estamos especialmente emocionados porque tenemos siete cumplea\u00f1eros a quienes festejar. Es un honor para nosotros ser parte de sus vidas y compartir con ellos momentos tan significativos.<\/p>\n\n\n\n<p>Una tarde llena de globos y m\u00fasica, los ni\u00f1os y ni\u00f1as disfrutaron de juegos, actividades recreativas y, por supuesto, deliciosas meriendas. Cada detalle ha sido pensado para que nuestros cumplea\u00f1eros se sientan especiales y rodeados de cari\u00f1o.<\/p>\n\n\n\n<p>En Asociaci\u00f3n Quincho Barrilete celebramos no solo el d\u00eda de su nacimiento, sino tambi\u00e9n su crecimiento, logros y las esperanzas que cada uno representa. Este evento es una oportunidad para reafirmar nuestro compromiso de apoyar y guiar a estos ni\u00f1os y ni\u00f1as en su camino.<\/p>\n\n\n\n<p>Queremos agradecer a todos los que han contribuido para que esta celebraci\u00f3n sea posible. Desde los organizadores, hasta los voluntarios y donantes, su generosidad y dedicaci\u00f3n son invaluables.<\/p>\n\n\n\n<p><strong>\u00a1Felicidades a nuestros cumplea\u00f1eros!<\/strong><\/p>\n\n\n\n<figure class=\"wp-block-image aligncenter size-large is-style-default\"><img fetchpriority=\"high\" decoding=\"async\" width=\"682\" height=\"1024\" src=\"https:\/\/www.quinchobarrilete.org.ni\/wp-content\/uploads\/2024\/06\/Diseno-sin-titulo-2-682x1024.png\" alt=\"\" class=\"wp-image-4808\" srcset=\"https:\/\/www.quinchobarrilete.org.ni\/wp-content\/uploads\/2024\/06\/Diseno-sin-titulo-2-682x1024.png 682w, https:\/\/www.quinchobarrilete.org.ni\/wp-content\/uploads\/2024\/06\/Diseno-sin-titulo-2-200x300.png 200w, https:\/\/www.quinchobarrilete.org.ni\/wp-content\/uploads\/2024\/06\/Diseno-sin-titulo-2-768x1152.png 768w, https:\/\/www.quinchobarrilete.org.ni\/wp-content\/uploads\/2024\/06\/Diseno-sin-titulo-2-1024x1536.png 1024w, https:\/\/www.quinchobarrilete.org.ni\/wp-content\/uploads\/2024\/06\/Diseno-sin-titulo-2-8x12.png 8w, https:\/\/www.quinchobarrilete.org.ni\/wp-content\/uploads\/2024\/06\/Diseno-sin-titulo-2-600x900.png 600w, https:\/\/www.quinchobarrilete.org.ni\/wp-content\/uploads\/2024\/06\/Diseno-sin-titulo-2.png 1333w\" sizes=\"(max-width: 682px) 100vw, 682px\" \/><\/figure>\n\n\n\n<figure class=\"wp-block-image size-large is-style-default\"><img decoding=\"async\" width=\"1024\" height=\"762\" src=\"https:\/\/www.quinchobarrilete.org.ni\/wp-content\/uploads\/2024\/06\/Diseno-sin-titulo-1-1024x762.png\" alt=\"\" class=\"wp-image-4809\" srcset=\"https:\/\/www.quinchobarrilete.org.ni\/wp-content\/uploads\/2024\/06\/Diseno-sin-titulo-1-1024x762.png 1024w, https:\/\/www.quinchobarrilete.org.ni\/wp-content\/uploads\/2024\/06\/Diseno-sin-titulo-1-300x223.png 300w, https:\/\/www.quinchobarrilete.org.ni\/wp-content\/uploads\/2024\/06\/Diseno-sin-titulo-1-768x572.png 768w, https:\/\/www.quinchobarrilete.org.ni\/wp-content\/uploads\/2024\/06\/Diseno-sin-titulo-1-16x12.png 16w, https:\/\/www.quinchobarrilete.org.ni\/wp-content\/uploads\/2024\/06\/Diseno-sin-titulo-1-600x447.png 600w, https:\/\/www.quinchobarrilete.org.ni\/wp-content\/uploads\/2024\/06\/Diseno-sin-titulo-1.png 1333w\" sizes=\"(max-width: 1024px) 100vw, 1024px\" \/><\/figure>\n\n\n\n<figure class=\"wp-block-image size-large is-style-default\"><img decoding=\"async\" width=\"682\" height=\"1024\" src=\"https:\/\/www.quinchobarrilete.org.ni\/wp-content\/uploads\/2024\/06\/Diseno-sin-titulo-682x1024.png\" alt=\"\" class=\"wp-image-4810\" srcset=\"https:\/\/www.quinchobarrilete.org.ni\/wp-content\/uploads\/2024\/06\/Diseno-sin-titulo-682x1024.png 682w, https:\/\/www.quinchobarrilete.org.ni\/wp-content\/uploads\/2024\/06\/Diseno-sin-titulo-200x300.png 200w, https:\/\/www.quinchobarrilete.org.ni\/wp-content\/uploads\/2024\/06\/Diseno-sin-titulo-768x1152.png 768w, https:\/\/www.quinchobarrilete.org.ni\/wp-content\/uploads\/2024\/06\/Diseno-sin-titulo-1024x1536.png 1024w, https:\/\/www.quinchobarrilete.org.ni\/wp-content\/uploads\/2024\/06\/Diseno-sin-titulo-8x12.png 8w, https:\/\/www.quinchobarrilete.org.ni\/wp-content\/uploads\/2024\/06\/Diseno-sin-titulo-600x900.png 600w, https:\/\/www.quinchobarrilete.org.ni\/wp-content\/uploads\/2024\/06\/Diseno-sin-titulo.png 1333w\" sizes=\"(max-width: 682px) 100vw, 682px\" \/><\/figure>\n<div class=\"pdfprnt-buttons pdfprnt-buttons-post pdfprnt-top-bottom-left\"><a href=\"https:\/\/www.quinchobarrilete.org.ni\/ing\/wp-json\/wp\/v2\/posts\/4807?print=pdf\" class=\"pdfprnt-button pdfprnt-button-pdf\" target=\"_blank\" ><span class=\"pdfprnt-button-title pdfprnt-button-pdf-title\">Descarga Art\u00edculo<\/span><\/a><a href=\"https:\/\/www.quinchobarrilete.org.ni\/ing\/wp-json\/wp\/v2\/posts\/4807?print=print\" class=\"pdfprnt-button pdfprnt-button-print\" target=\"_blank\" ><img decoding=\"async\" src=\"https:\/\/www.quinchobarrilete.org.ni\/wp-content\/plugins\/pdf-print\/images\/print.png\" alt=\"image_print\" title=\"Print Content\" \/><\/a><\/div>","protected":false},"excerpt":{"rendered":"<p>En AQB cada trimestre tenemos la oportunidad de celebrar la vida y la alegr\u00eda de nuestros queridos ni\u00f1os y ni\u00f1as. En esta ocasi\u00f3n estamos especialmente emocionados porque tenemos siete cumplea\u00f1eros a quienes festejar. Es un honor para nosotros ser parte de sus vidas y compartir con ellos momentos tan significativos.<\/p>","protected":false},"author":1,"featured_media":4811,"comment_status":"open","ping_status":"open","sticky":false,"template":"","format":"standard","meta":{"footnotes":""},"categories":[19],"tags":[157,156,159,87,164,160,163,158,162,155,161],"class_list":["post-4807","post","type-post","status-publish","format-standard","has-post-thumbnail","hentry","category-noticias","tag-birthday","tag-cumplea","tag-decoracion","tag-familia","tag-felizcumplea","tag-fiesta","tag-globos","tag-happybirthday","tag-regalo","tag-regalos","tag-sorpresa"],"yoast_head":"<!-- This site is optimized with the Yoast SEO plugin v27.1.1 - https:\/\/yoast.com\/product\/yoast-seo-wordpress\/ -->\n<title>\u00a1Celebramos a los cumplea\u00f1eros de Asociaci\u00f3n Quincho Barrilete! - Asociaci\u00f3n Quincho Barrilete<\/title>\n<meta name=\"robots\" content=\"index, follow, max-snippet:-1, max-image-preview:large, max-video-preview:-1\" \/>\n<link rel=\"canonical\" href=\"https:\/\/www.quinchobarrilete.org.ni\/ing\/celebramos-a-los-cumpleaneros-de-asociacion-quincho-barrilete\/\" \/>\n<meta property=\"og:locale\" content=\"en_US\" \/>\n<meta property=\"og:type\" content=\"article\" \/>\n<meta property=\"og:title\" content=\"\u00a1Celebramos a los cumplea\u00f1eros de Asociaci\u00f3n Quincho Barrilete! - Asociaci\u00f3n Quincho Barrilete\" \/>\n<meta property=\"og:description\" content=\"En AQB cada trimestre tenemos la oportunidad de celebrar la vida y la alegr\u00eda de nuestros queridos ni\u00f1os y ni\u00f1as. En esta ocasi\u00f3n estamos especialmente emocionados porque tenemos siete cumplea\u00f1eros a quienes festejar. Es un honor para nosotros ser parte de sus vidas y compartir con ellos momentos tan significativos.\" \/>\n<meta property=\"og:url\" content=\"https:\/\/www.quinchobarrilete.org.ni\/ing\/celebramos-a-los-cumpleaneros-de-asociacion-quincho-barrilete\/\" \/>\n<meta property=\"og:site_name\" content=\"Asociaci\u00f3n Quincho Barrilete\" \/>\n<meta property=\"article:publisher\" content=\"https:\/\/www.facebook.com\/asociacionquinchobarrileteorg\/\" \/>\n<meta property=\"article:published_time\" content=\"2024-06-12T22:59:03+00:00\" \/>\n<meta property=\"article:modified_time\" content=\"2024-06-12T22:59:05+00:00\" \/>\n<meta property=\"og:image\" content=\"https:\/\/www.quinchobarrilete.org.ni\/wp-content\/uploads\/2024\/06\/feliz-cumple-whatsapp.png\" \/>\n\t<meta property=\"og:image:width\" content=\"768\" \/>\n\t<meta property=\"og:image:height\" content=\"432\" \/>\n\t<meta property=\"og:image:type\" content=\"image\/png\" \/>\n<meta name=\"author\" content=\"WebQuincho\" \/>\n<meta name=\"twitter:card\" content=\"summary_large_image\" \/>\n<meta name=\"twitter:creator\" content=\"@aqbarrilete\" \/>\n<meta name=\"twitter:site\" content=\"@aqbarrilete\" \/>\n<meta name=\"twitter:label1\" content=\"Written by\" \/>\n\t<meta name=\"twitter:data1\" content=\"WebQuincho\" \/>\n\t<meta name=\"twitter:label2\" content=\"Est. reading time\" \/>\n\t<meta name=\"twitter:data2\" content=\"2 minutes\" \/>\n<script type=\"application\/ld+json\" class=\"yoast-schema-graph\">{\"@context\":\"https:\/\/schema.org\",\"@graph\":[{\"@type\":\"Article\",\"@id\":\"https:\/\/www.quinchobarrilete.org.ni\/ing\/celebramos-a-los-cumpleaneros-de-asociacion-quincho-barrilete\/#article\",\"isPartOf\":{\"@id\":\"https:\/\/www.quinchobarrilete.org.ni\/ing\/celebramos-a-los-cumpleaneros-de-asociacion-quincho-barrilete\/\"},\"author\":{\"name\":\"WebQuincho\",\"@id\":\"https:\/\/www.quinchobarrilete.org.ni\/es\/#\/schema\/person\/44994a256bea95d432fc253b16914bbf\"},\"headline\":\"\u00a1Celebramos a los cumplea\u00f1eros de Asociaci\u00f3n Quincho Barrilete!\",\"datePublished\":\"2024-06-12T22:59:03+00:00\",\"dateModified\":\"2024-06-12T22:59:05+00:00\",\"mainEntityOfPage\":{\"@id\":\"https:\/\/www.quinchobarrilete.org.ni\/ing\/celebramos-a-los-cumpleaneros-de-asociacion-quincho-barrilete\/\"},\"wordCount\":192,\"commentCount\":0,\"publisher\":{\"@id\":\"https:\/\/www.quinchobarrilete.org.ni\/es\/#organization\"},\"image\":{\"@id\":\"https:\/\/www.quinchobarrilete.org.ni\/ing\/celebramos-a-los-cumpleaneros-de-asociacion-quincho-barrilete\/#primaryimage\"},\"thumbnailUrl\":\"https:\/\/www.quinchobarrilete.org.ni\/wp-content\/uploads\/2024\/06\/feliz-cumple-whatsapp.png\",\"keywords\":[\"#birthday\",\"#cumplea\",\"#decoracion\",\"#familia\",\"#felizcumplea\",\"#fiesta\",\"#globos\",\"#happybirthday\",\"#regalo\",\"#regalos\",\"#sorpresa\"],\"articleSection\":[\"Noticias\"],\"inLanguage\":\"en-US\",\"potentialAction\":[{\"@type\":\"CommentAction\",\"name\":\"Comment\",\"target\":[\"https:\/\/www.quinchobarrilete.org.ni\/ing\/celebramos-a-los-cumpleaneros-de-asociacion-quincho-barrilete\/#respond\"]}]},{\"@type\":\"WebPage\",\"@id\":\"https:\/\/www.quinchobarrilete.org.ni\/ing\/celebramos-a-los-cumpleaneros-de-asociacion-quincho-barrilete\/\",\"url\":\"https:\/\/www.quinchobarrilete.org.ni\/ing\/celebramos-a-los-cumpleaneros-de-asociacion-quincho-barrilete\/\",\"name\":\"\u00a1Celebramos a los cumplea\u00f1eros de Asociaci\u00f3n Quincho Barrilete! - Asociaci\u00f3n Quincho Barrilete\",\"isPartOf\":{\"@id\":\"https:\/\/www.quinchobarrilete.org.ni\/es\/#website\"},\"primaryImageOfPage\":{\"@id\":\"https:\/\/www.quinchobarrilete.org.ni\/ing\/celebramos-a-los-cumpleaneros-de-asociacion-quincho-barrilete\/#primaryimage\"},\"image\":{\"@id\":\"https:\/\/www.quinchobarrilete.org.ni\/ing\/celebramos-a-los-cumpleaneros-de-asociacion-quincho-barrilete\/#primaryimage\"},\"thumbnailUrl\":\"https:\/\/www.quinchobarrilete.org.ni\/wp-content\/uploads\/2024\/06\/feliz-cumple-whatsapp.png\",\"datePublished\":\"2024-06-12T22:59:03+00:00\",\"dateModified\":\"2024-06-12T22:59:05+00:00\",\"breadcrumb\":{\"@id\":\"https:\/\/www.quinchobarrilete.org.ni\/ing\/celebramos-a-los-cumpleaneros-de-asociacion-quincho-barrilete\/#breadcrumb\"},\"inLanguage\":\"en-US\",\"potentialAction\":[{\"@type\":\"ReadAction\",\"target\":[\"https:\/\/www.quinchobarrilete.org.ni\/ing\/celebramos-a-los-cumpleaneros-de-asociacion-quincho-barrilete\/\"]}]},{\"@type\":\"ImageObject\",\"inLanguage\":\"en-US\",\"@id\":\"https:\/\/www.quinchobarrilete.org.ni\/ing\/celebramos-a-los-cumpleaneros-de-asociacion-quincho-barrilete\/#primaryimage\",\"url\":\"https:\/\/www.quinchobarrilete.org.ni\/wp-content\/uploads\/2024\/06\/feliz-cumple-whatsapp.png\",\"contentUrl\":\"https:\/\/www.quinchobarrilete.org.ni\/wp-content\/uploads\/2024\/06\/feliz-cumple-whatsapp.png\",\"width\":768,\"height\":432},{\"@type\":\"BreadcrumbList\",\"@id\":\"https:\/\/www.quinchobarrilete.org.ni\/ing\/celebramos-a-los-cumpleaneros-de-asociacion-quincho-barrilete\/#breadcrumb\",\"itemListElement\":[{\"@type\":\"ListItem\",\"position\":1,\"name\":\"Portada\",\"item\":\"https:\/\/www.quinchobarrilete.org.ni\/\"},{\"@type\":\"ListItem\",\"position\":2,\"name\":\"\u00a1Celebramos a los cumplea\u00f1eros de Asociaci\u00f3n Quincho Barrilete!\"}]},{\"@type\":\"WebSite\",\"@id\":\"https:\/\/www.quinchobarrilete.org.ni\/es\/#website\",\"url\":\"https:\/\/www.quinchobarrilete.org.ni\/es\/\",\"name\":\"Asociaci\u00f3n Quincho Barrilete\",\"description\":\"Una Organizaci\u00f3n no gubernamental sin fines de lucro\",\"publisher\":{\"@id\":\"https:\/\/www.quinchobarrilete.org.ni\/es\/#organization\"},\"alternateName\":\"Quincho\",\"potentialAction\":[{\"@type\":\"SearchAction\",\"target\":{\"@type\":\"EntryPoint\",\"urlTemplate\":\"https:\/\/www.quinchobarrilete.org.ni\/es\/?s={search_term_string}\"},\"query-input\":{\"@type\":\"PropertyValueSpecification\",\"valueRequired\":true,\"valueName\":\"search_term_string\"}}],\"inLanguage\":\"en-US\"},{\"@type\":\"Organization\",\"@id\":\"https:\/\/www.quinchobarrilete.org.ni\/es\/#organization\",\"name\":\"Asociaci\u00f3n Quincho Barrilete\",\"url\":\"https:\/\/www.quinchobarrilete.org.ni\/es\/\",\"logo\":{\"@type\":\"ImageObject\",\"inLanguage\":\"en-US\",\"@id\":\"https:\/\/www.quinchobarrilete.org.ni\/es\/#\/schema\/logo\/image\/\",\"url\":\"https:\/\/www.quinchobarrilete.org.ni\/wp-content\/uploads\/2025\/01\/logo-2025-33anos-2-removebg-preview.png\",\"contentUrl\":\"https:\/\/www.quinchobarrilete.org.ni\/wp-content\/uploads\/2025\/01\/logo-2025-33anos-2-removebg-preview.png\",\"width\":500,\"height\":500,\"caption\":\"Asociaci\u00f3n Quincho Barrilete\"},\"image\":{\"@id\":\"https:\/\/www.quinchobarrilete.org.ni\/es\/#\/schema\/logo\/image\/\"},\"sameAs\":[\"https:\/\/www.facebook.com\/asociacionquinchobarrileteorg\/\",\"https:\/\/x.com\/aqbarrilete\"]},{\"@type\":\"Person\",\"@id\":\"https:\/\/www.quinchobarrilete.org.ni\/es\/#\/schema\/person\/44994a256bea95d432fc253b16914bbf\",\"name\":\"WebQuincho\",\"image\":{\"@type\":\"ImageObject\",\"inLanguage\":\"en-US\",\"@id\":\"https:\/\/www.quinchobarrilete.org.ni\/es\/#\/schema\/person\/image\/\",\"url\":\"https:\/\/secure.gravatar.com\/avatar\/94816127a9f3c0cd65e06d43d253c6ead978b56712f77d747a3092d5d775faaf?s=96&d=mm&r=g\",\"contentUrl\":\"https:\/\/secure.gravatar.com\/avatar\/94816127a9f3c0cd65e06d43d253c6ead978b56712f77d747a3092d5d775faaf?s=96&d=mm&r=g\",\"caption\":\"WebQuincho\"},\"sameAs\":[\"http:\/\/www.quinchobarrilete.org.ni\"],\"url\":\"https:\/\/www.quinchobarrilete.org.ni\/ing\/author\/webquincho\/\"}]}<\/script>\n<!-- \/ Yoast SEO plugin. -->","yoast_head_json":{"title":"\u00a1Celebramos a los cumplea\u00f1eros de Asociaci\u00f3n Quincho Barrilete! - Asociaci\u00f3n Quincho Barrilete","robots":{"index":"index","follow":"follow","max-snippet":"max-snippet:-1","max-image-preview":"max-image-preview:large","max-video-preview":"max-video-preview:-1"},"canonical":"https:\/\/www.quinchobarrilete.org.ni\/ing\/celebramos-a-los-cumpleaneros-de-asociacion-quincho-barrilete\/","og_locale":"en_US","og_type":"article","og_title":"\u00a1Celebramos a los cumplea\u00f1eros de Asociaci\u00f3n Quincho Barrilete! - Asociaci\u00f3n Quincho Barrilete","og_description":"En AQB cada trimestre tenemos la oportunidad de celebrar la vida y la alegr\u00eda de nuestros queridos ni\u00f1os y ni\u00f1as. En esta ocasi\u00f3n estamos especialmente emocionados porque tenemos siete cumplea\u00f1eros a quienes festejar. Es un honor para nosotros ser parte de sus vidas y compartir con ellos momentos tan significativos.","og_url":"https:\/\/www.quinchobarrilete.org.ni\/ing\/celebramos-a-los-cumpleaneros-de-asociacion-quincho-barrilete\/","og_site_name":"Asociaci\u00f3n Quincho Barrilete","article_publisher":"https:\/\/www.facebook.com\/asociacionquinchobarrileteorg\/","article_published_time":"2024-06-12T22:59:03+00:00","article_modified_time":"2024-06-12T22:59:05+00:00","og_image":[{"width":768,"height":432,"url":"https:\/\/www.quinchobarrilete.org.ni\/wp-content\/uploads\/2024\/06\/feliz-cumple-whatsapp.png","type":"image\/png"}],"author":"WebQuincho","twitter_card":"summary_large_image","twitter_creator":"@aqbarrilete","twitter_site":"@aqbarrilete","twitter_misc":{"Written by":"WebQuincho","Est. reading time":"2 minutes"},"schema":{"@context":"https:\/\/schema.org","@graph":[{"@type":"Article","@id":"https:\/\/www.quinchobarrilete.org.ni\/ing\/celebramos-a-los-cumpleaneros-de-asociacion-quincho-barrilete\/#article","isPartOf":{"@id":"https:\/\/www.quinchobarrilete.org.ni\/ing\/celebramos-a-los-cumpleaneros-de-asociacion-quincho-barrilete\/"},"author":{"name":"WebQuincho","@id":"https:\/\/www.quinchobarrilete.org.ni\/es\/#\/schema\/person\/44994a256bea95d432fc253b16914bbf"},"headline":"\u00a1Celebramos a los cumplea\u00f1eros de Asociaci\u00f3n Quincho Barrilete!","datePublished":"2024-06-12T22:59:03+00:00","dateModified":"2024-06-12T22:59:05+00:00","mainEntityOfPage":{"@id":"https:\/\/www.quinchobarrilete.org.ni\/ing\/celebramos-a-los-cumpleaneros-de-asociacion-quincho-barrilete\/"},"wordCount":192,"commentCount":0,"publisher":{"@id":"https:\/\/www.quinchobarrilete.org.ni\/es\/#organization"},"image":{"@id":"https:\/\/www.quinchobarrilete.org.ni\/ing\/celebramos-a-los-cumpleaneros-de-asociacion-quincho-barrilete\/#primaryimage"},"thumbnailUrl":"https:\/\/www.quinchobarrilete.org.ni\/wp-content\/uploads\/2024\/06\/feliz-cumple-whatsapp.png","keywords":["#birthday","#cumplea","#decoracion","#familia","#felizcumplea","#fiesta","#globos","#happybirthday","#regalo","#regalos","#sorpresa"],"articleSection":["Noticias"],"inLanguage":"en-US","potentialAction":[{"@type":"CommentAction","name":"Comment","target":["https:\/\/www.quinchobarrilete.org.ni\/ing\/celebramos-a-los-cumpleaneros-de-asociacion-quincho-barrilete\/#respond"]}]},{"@type":"WebPage","@id":"https:\/\/www.quinchobarrilete.org.ni\/ing\/celebramos-a-los-cumpleaneros-de-asociacion-quincho-barrilete\/","url":"https:\/\/www.quinchobarrilete.org.ni\/ing\/celebramos-a-los-cumpleaneros-de-asociacion-quincho-barrilete\/","name":"\u00a1Celebramos a los cumplea\u00f1eros de Asociaci\u00f3n Quincho Barrilete! - Asociaci\u00f3n Quincho Barrilete","isPartOf":{"@id":"https:\/\/www.quinchobarrilete.org.ni\/es\/#website"},"primaryImageOfPage":{"@id":"https:\/\/www.quinchobarrilete.org.ni\/ing\/celebramos-a-los-cumpleaneros-de-asociacion-quincho-barrilete\/#primaryimage"},"image":{"@id":"https:\/\/www.quinchobarrilete.org.ni\/ing\/celebramos-a-los-cumpleaneros-de-asociacion-quincho-barrilete\/#primaryimage"},"thumbnailUrl":"https:\/\/www.quinchobarrilete.org.ni\/wp-content\/uploads\/2024\/06\/feliz-cumple-whatsapp.png","datePublished":"2024-06-12T22:59:03+00:00","dateModified":"2024-06-12T22:59:05+00:00","breadcrumb":{"@id":"https:\/\/www.quinchobarrilete.org.ni\/ing\/celebramos-a-los-cumpleaneros-de-asociacion-quincho-barrilete\/#breadcrumb"},"inLanguage":"en-US","potentialAction":[{"@type":"ReadAction","target":["https:\/\/www.quinchobarrilete.org.ni\/ing\/celebramos-a-los-cumpleaneros-de-asociacion-quincho-barrilete\/"]}]},{"@type":"ImageObject","inLanguage":"en-US","@id":"https:\/\/www.quinchobarrilete.org.ni\/ing\/celebramos-a-los-cumpleaneros-de-asociacion-quincho-barrilete\/#primaryimage","url":"https:\/\/www.quinchobarrilete.org.ni\/wp-content\/uploads\/2024\/06\/feliz-cumple-whatsapp.png","contentUrl":"https:\/\/www.quinchobarrilete.org.ni\/wp-content\/uploads\/2024\/06\/feliz-cumple-whatsapp.png","width":768,"height":432},{"@type":"BreadcrumbList","@id":"https:\/\/www.quinchobarrilete.org.ni\/ing\/celebramos-a-los-cumpleaneros-de-asociacion-quincho-barrilete\/#breadcrumb","itemListElement":[{"@type":"ListItem","position":1,"name":"Portada","item":"https:\/\/www.quinchobarrilete.org.ni\/"},{"@type":"ListItem","position":2,"name":"\u00a1Celebramos a los cumplea\u00f1eros de Asociaci\u00f3n Quincho Barrilete!"}]},{"@type":"WebSite","@id":"https:\/\/www.quinchobarrilete.org.ni\/es\/#website","url":"https:\/\/www.quinchobarrilete.org.ni\/es\/","name":"Asociaci\u00f3n Quincho Barrilete","description":"Una Organizaci\u00f3n no gubernamental sin fines de lucro","publisher":{"@id":"https:\/\/www.quinchobarrilete.org.ni\/es\/#organization"},"alternateName":"Quincho","potentialAction":[{"@type":"SearchAction","target":{"@type":"EntryPoint","urlTemplate":"https:\/\/www.quinchobarrilete.org.ni\/es\/?s={search_term_string}"},"query-input":{"@type":"PropertyValueSpecification","valueRequired":true,"valueName":"search_term_string"}}],"inLanguage":"en-US"},{"@type":"Organization","@id":"https:\/\/www.quinchobarrilete.org.ni\/es\/#organization","name":"Asociaci\u00f3n Quincho Barrilete","url":"https:\/\/www.quinchobarrilete.org.ni\/es\/","logo":{"@type":"ImageObject","inLanguage":"en-US","@id":"https:\/\/www.quinchobarrilete.org.ni\/es\/#\/schema\/logo\/image\/","url":"https:\/\/www.quinchobarrilete.org.ni\/wp-content\/uploads\/2025\/01\/logo-2025-33anos-2-removebg-preview.png","contentUrl":"https:\/\/www.quinchobarrilete.org.ni\/wp-content\/uploads\/2025\/01\/logo-2025-33anos-2-removebg-preview.png","width":500,"height":500,"caption":"Asociaci\u00f3n Quincho Barrilete"},"image":{"@id":"https:\/\/www.quinchobarrilete.org.ni\/es\/#\/schema\/logo\/image\/"},"sameAs":["https:\/\/www.facebook.com\/asociacionquinchobarrileteorg\/","https:\/\/x.com\/aqbarrilete"]},{"@type":"Person","@id":"https:\/\/www.quinchobarrilete.org.ni\/es\/#\/schema\/person\/44994a256bea95d432fc253b16914bbf","name":"WebQuincho","image":{"@type":"ImageObject","inLanguage":"en-US","@id":"https:\/\/www.quinchobarrilete.org.ni\/es\/#\/schema\/person\/image\/","url":"https:\/\/secure.gravatar.com\/avatar\/94816127a9f3c0cd65e06d43d253c6ead978b56712f77d747a3092d5d775faaf?s=96&d=mm&r=g","contentUrl":"https:\/\/secure.gravatar.com\/avatar\/94816127a9f3c0cd65e06d43d253c6ead978b56712f77d747a3092d5d775faaf?s=96&d=mm&r=g","caption":"WebQuincho"},"sameAs":["http:\/\/www.quinchobarrilete.org.ni"],"url":"https:\/\/www.quinchobarrilete.org.ni\/ing\/author\/webquincho\/"}]}},"_links":{"self":[{"href":"https:\/\/www.quinchobarrilete.org.ni\/ing\/wp-json\/wp\/v2\/posts\/4807","targetHints":{"allow":["GET"]}}],"collection":[{"href":"https:\/\/www.quinchobarrilete.org.ni\/ing\/wp-json\/wp\/v2\/posts"}],"about":[{"href":"https:\/\/www.quinchobarrilete.org.ni\/ing\/wp-json\/wp\/v2\/types\/post"}],"author":[{"embeddable":true,"href":"https:\/\/www.quinchobarrilete.org.ni\/ing\/wp-json\/wp\/v2\/users\/1"}],"replies":[{"embeddable":true,"href":"https:\/\/www.quinchobarrilete.org.ni\/ing\/wp-json\/wp\/v2\/comments?post=4807"}],"version-history":[{"count":1,"href":"https:\/\/www.quinchobarrilete.org.ni\/ing\/wp-json\/wp\/v2\/posts\/4807\/revisions"}],"predecessor-version":[{"id":4812,"href":"https:\/\/www.quinchobarrilete.org.ni\/ing\/wp-json\/wp\/v2\/posts\/4807\/revisions\/4812"}],"wp:featuredmedia":[{"embeddable":true,"href":"https:\/\/www.quinchobarrilete.org.ni\/ing\/wp-json\/wp\/v2\/media\/4811"}],"wp:attachment":[{"href":"https:\/\/www.quinchobarrilete.org.ni\/ing\/wp-json\/wp\/v2\/media?parent=4807"}],"wp:term":[{"taxonomy":"category","embeddable":true,"href":"https:\/\/www.quinchobarrilete.org.ni\/ing\/wp-json\/wp\/v2\/categories?post=4807"},{"taxonomy":"post_tag","embeddable":true,"href":"https:\/\/www.quinchobarrilete.org.ni\/ing\/wp-json\/wp\/v2\/tags?post=4807"}],"curies":[{"name":"wp","href":"https:\/\/api.w.org\/{rel}","templated":true}]}}