{"id":4944,"date":"2025-01-16T17:43:53","date_gmt":"2025-01-16T17:43:53","guid":{"rendered":"https:\/\/www.quinchobarrilete.org.ni\/?p=4944"},"modified":"2025-01-16T17:43:56","modified_gmt":"2025-01-16T17:43:56","slug":"matricula-escolar","status":"publish","type":"post","link":"https:\/\/www.quinchobarrilete.org.ni\/es\/matricula-escolar\/","title":{"rendered":"La importancia de la educaci\u00f3n y la matr\u00edcula escolar"},"content":{"rendered":"<div class=\"pdfprnt-buttons pdfprnt-buttons-post pdfprnt-top-bottom-left\"><a href=\"https:\/\/www.quinchobarrilete.org.ni\/es\/wp-json\/wp\/v2\/posts\/4944?print=pdf\" class=\"pdfprnt-button pdfprnt-button-pdf\" target=\"_blank\" ><span class=\"pdfprnt-button-title pdfprnt-button-pdf-title\">Descarga Art\u00edculo<\/span><\/a><a href=\"https:\/\/www.quinchobarrilete.org.ni\/es\/wp-json\/wp\/v2\/posts\/4944?print=print\" class=\"pdfprnt-button pdfprnt-button-print\" target=\"_blank\" ><img decoding=\"async\" src=\"https:\/\/www.quinchobarrilete.org.ni\/wp-content\/plugins\/pdf-print\/images\/print.png\" alt=\"image_print\" title=\"Imprimir contenido\" \/><\/a><\/div>\n<p>La educaci\u00f3n es el pilar fundamental para el desarrollo de las personas, las familias y la sociedad. Es a trav\u00e9s de la ense\u00f1anza que los ni\u00f1os y ni\u00f1as adquieren las habilidades y conocimientos necesarios para enfrentar los retos de la vida. Una educaci\u00f3n de calidad no solo les permite leer, escribir y realizar c\u00e1lculos, sino que tambi\u00e9n fomenta el pensamiento cr\u00edtico, la creatividad y la capacidad de resolver problemas.\u00a0<\/p>\n\n\n\n<p>Matricular a los ni\u00f1os en la escuela es el primer paso para garantizar su acceso a estas oportunidades. Sin una matr\u00edcula a tiempo, muchos corren el riesgo de quedar fuera del sistema educativo, lo que limita significativamente sus posibilidades de progreso. La escuela les brinda un espacio seguro donde pueden desarrollarse emocional y socialmente, interactuando con sus compa\u00f1eros y aprendiendo valores como la responsabilidad, la tolerancia y el respeto.\u00a0<\/p>\n\n\n\n<p>Adem\u00e1s, la educaci\u00f3n es un motor de cambio para las comunidades. Los ni\u00f1os que asisten a la escuela no solo mejoran sus propias vidas, sino que tambi\u00e9n contribuyen al bienestar de sus familias y al desarrollo de su entorno. Los j\u00f3venes tienen mayores oportunidades de acceder a empleos dignos y de romper el ciclo de pobreza que afecta a tantas familias. <\/p>\n\n\n\n<p>El acto de matricular a los ni\u00f1os en la escuela no debe verse solo como una obligaci\u00f3n, sino como un compromiso con su bienestar y su futuro. Los padres y tutores tienen la responsabilidad de asegurar que sus hijos est\u00e9n inscritos y listos para recibir la formaci\u00f3n que necesitan.<\/p>\n\n\n\n<p>La educaci\u00f3n es el camino hacia un futuro mejor, y la matr\u00edcula escolar es la llave que abre esa puerta. Como sociedad, debemos trabajar juntos para garantizar que ning\u00fan ni\u00f1o se quede atr\u00e1s. Invertir en la educaci\u00f3n de nuestros ni\u00f1os es invertir en un pa\u00eds m\u00e1s equitativo y lleno de posibilidades. La escuela no solo forma estudiantes, sino tambi\u00e9n ciudadanos comprometidos con construir un mundo mejor.<\/p>\n<div class=\"pdfprnt-buttons pdfprnt-buttons-post pdfprnt-top-bottom-left\"><a href=\"https:\/\/www.quinchobarrilete.org.ni\/es\/wp-json\/wp\/v2\/posts\/4944?print=pdf\" class=\"pdfprnt-button pdfprnt-button-pdf\" target=\"_blank\" ><span class=\"pdfprnt-button-title pdfprnt-button-pdf-title\">Descarga Art\u00edculo<\/span><\/a><a href=\"https:\/\/www.quinchobarrilete.org.ni\/es\/wp-json\/wp\/v2\/posts\/4944?print=print\" class=\"pdfprnt-button pdfprnt-button-print\" target=\"_blank\" ><img decoding=\"async\" src=\"https:\/\/www.quinchobarrilete.org.ni\/wp-content\/plugins\/pdf-print\/images\/print.png\" alt=\"image_print\" title=\"Imprimir contenido\" \/><\/a><\/div>","protected":false},"excerpt":{"rendered":"<p>La educaci\u00f3n es el pilar fundamental para el desarrollo de las personas, las familias y la sociedad. Es a trav\u00e9s de la ense\u00f1anza que los ni\u00f1os y ni\u00f1as adquieren las habilidades y conocimientos necesarios para enfrentar los retos de la vida.<\/p>\n","protected":false},"author":1,"featured_media":4945,"comment_status":"open","ping_status":"open","sticky":false,"template":"","format":"standard","meta":{"footnotes":""},"categories":[4],"tags":[86,88,92,239,95,238],"class_list":["post-4944","post","type-post","status-publish","format-standard","has-post-thumbnail","hentry","category-derechos","tag-colegio","tag-educacion","tag-escuela","tag-cuando-comienzan-las-clases-2025","tag-derechos","tag-matriculas-2025"],"yoast_head":"<!-- This site is optimized with the Yoast SEO plugin v27.1.1 - https:\/\/yoast.com\/product\/yoast-seo-wordpress\/ -->\n<title>La importancia de la educaci\u00f3n y la matr\u00edcula escolar - Asociaci\u00f3n Quincho Barrilete<\/title>\n<meta name=\"description\" content=\"La escuela les brinda un espacio seguro donde pueden desarrollarse emocional y socialmente, interactuando con sus compa\u00f1eros y aprendiendo valores como la responsabilidad, la tolerancia y el respeto.\u00a0\" \/>\n<meta name=\"robots\" content=\"index, follow, max-snippet:-1, max-image-preview:large, max-video-preview:-1\" \/>\n<link rel=\"canonical\" href=\"https:\/\/www.quinchobarrilete.org.ni\/es\/matricula-escolar\/\" \/>\n<meta property=\"og:locale\" content=\"es_ES\" \/>\n<meta property=\"og:type\" content=\"article\" \/>\n<meta property=\"og:title\" content=\"La importancia de la educaci\u00f3n y la matr\u00edcula escolar - Asociaci\u00f3n Quincho Barrilete\" \/>\n<meta property=\"og:description\" content=\"La escuela les brinda un espacio seguro donde pueden desarrollarse emocional y socialmente, interactuando con sus compa\u00f1eros y aprendiendo valores como la responsabilidad, la tolerancia y el respeto.\u00a0\" \/>\n<meta property=\"og:url\" content=\"https:\/\/www.quinchobarrilete.org.ni\/es\/matricula-escolar\/\" \/>\n<meta property=\"og:site_name\" content=\"Asociaci\u00f3n Quincho Barrilete\" \/>\n<meta property=\"article:publisher\" content=\"https:\/\/www.facebook.com\/asociacionquinchobarrileteorg\/\" \/>\n<meta property=\"article:published_time\" content=\"2025-01-16T17:43:53+00:00\" \/>\n<meta property=\"article:modified_time\" content=\"2025-01-16T17:43:56+00:00\" \/>\n<meta property=\"og:image\" content=\"https:\/\/www.quinchobarrilete.org.ni\/wp-content\/uploads\/2025\/01\/matriculas.jpg\" \/>\n\t<meta property=\"og:image:width\" content=\"1280\" \/>\n\t<meta property=\"og:image:height\" content=\"720\" \/>\n\t<meta property=\"og:image:type\" content=\"image\/jpeg\" \/>\n<meta name=\"author\" content=\"WebQuincho\" \/>\n<meta name=\"twitter:card\" content=\"summary_large_image\" \/>\n<meta name=\"twitter:creator\" content=\"@aqbarrilete\" \/>\n<meta name=\"twitter:site\" content=\"@aqbarrilete\" \/>\n<meta name=\"twitter:label1\" content=\"Escrito por\" \/>\n\t<meta name=\"twitter:data1\" content=\"WebQuincho\" \/>\n\t<meta name=\"twitter:label2\" content=\"Tiempo de lectura\" \/>\n\t<meta name=\"twitter:data2\" content=\"2 minutos\" \/>\n<script type=\"application\/ld+json\" class=\"yoast-schema-graph\">{\"@context\":\"https:\/\/schema.org\",\"@graph\":[{\"@type\":\"Article\",\"@id\":\"https:\/\/www.quinchobarrilete.org.ni\/es\/matricula-escolar\/#article\",\"isPartOf\":{\"@id\":\"https:\/\/www.quinchobarrilete.org.ni\/es\/matricula-escolar\/\"},\"author\":{\"name\":\"WebQuincho\",\"@id\":\"https:\/\/www.quinchobarrilete.org.ni\/es\/#\/schema\/person\/44994a256bea95d432fc253b16914bbf\"},\"headline\":\"La importancia de la educaci\u00f3n y la matr\u00edcula escolar\",\"datePublished\":\"2025-01-16T17:43:53+00:00\",\"dateModified\":\"2025-01-16T17:43:56+00:00\",\"mainEntityOfPage\":{\"@id\":\"https:\/\/www.quinchobarrilete.org.ni\/es\/matricula-escolar\/\"},\"wordCount\":356,\"commentCount\":0,\"publisher\":{\"@id\":\"https:\/\/www.quinchobarrilete.org.ni\/es\/#organization\"},\"image\":{\"@id\":\"https:\/\/www.quinchobarrilete.org.ni\/es\/matricula-escolar\/#primaryimage\"},\"thumbnailUrl\":\"https:\/\/www.quinchobarrilete.org.ni\/wp-content\/uploads\/2025\/01\/matriculas.jpg\",\"keywords\":[\"#colegio\",\"#educacion\",\"#escuela\",\"cuando comienzan las clases 2025\",\"derechos\",\"matriculas 2025\"],\"articleSection\":[\"Derechos\"],\"inLanguage\":\"es\",\"potentialAction\":[{\"@type\":\"CommentAction\",\"name\":\"Comment\",\"target\":[\"https:\/\/www.quinchobarrilete.org.ni\/es\/matricula-escolar\/#respond\"]}]},{\"@type\":\"WebPage\",\"@id\":\"https:\/\/www.quinchobarrilete.org.ni\/es\/matricula-escolar\/\",\"url\":\"https:\/\/www.quinchobarrilete.org.ni\/es\/matricula-escolar\/\",\"name\":\"La importancia de la educaci\u00f3n y la matr\u00edcula escolar - Asociaci\u00f3n Quincho Barrilete\",\"isPartOf\":{\"@id\":\"https:\/\/www.quinchobarrilete.org.ni\/es\/#website\"},\"primaryImageOfPage\":{\"@id\":\"https:\/\/www.quinchobarrilete.org.ni\/es\/matricula-escolar\/#primaryimage\"},\"image\":{\"@id\":\"https:\/\/www.quinchobarrilete.org.ni\/es\/matricula-escolar\/#primaryimage\"},\"thumbnailUrl\":\"https:\/\/www.quinchobarrilete.org.ni\/wp-content\/uploads\/2025\/01\/matriculas.jpg\",\"datePublished\":\"2025-01-16T17:43:53+00:00\",\"dateModified\":\"2025-01-16T17:43:56+00:00\",\"description\":\"La escuela les brinda un espacio seguro donde pueden desarrollarse emocional y socialmente, interactuando con sus compa\u00f1eros y aprendiendo valores como la responsabilidad, la tolerancia y el respeto.\u00a0\",\"breadcrumb\":{\"@id\":\"https:\/\/www.quinchobarrilete.org.ni\/es\/matricula-escolar\/#breadcrumb\"},\"inLanguage\":\"es\",\"potentialAction\":[{\"@type\":\"ReadAction\",\"target\":[\"https:\/\/www.quinchobarrilete.org.ni\/es\/matricula-escolar\/\"]}]},{\"@type\":\"ImageObject\",\"inLanguage\":\"es\",\"@id\":\"https:\/\/www.quinchobarrilete.org.ni\/es\/matricula-escolar\/#primaryimage\",\"url\":\"https:\/\/www.quinchobarrilete.org.ni\/wp-content\/uploads\/2025\/01\/matriculas.jpg\",\"contentUrl\":\"https:\/\/www.quinchobarrilete.org.ni\/wp-content\/uploads\/2025\/01\/matriculas.jpg\",\"width\":1280,\"height\":720},{\"@type\":\"BreadcrumbList\",\"@id\":\"https:\/\/www.quinchobarrilete.org.ni\/es\/matricula-escolar\/#breadcrumb\",\"itemListElement\":[{\"@type\":\"ListItem\",\"position\":1,\"name\":\"Portada\",\"item\":\"https:\/\/www.quinchobarrilete.org.ni\/\"},{\"@type\":\"ListItem\",\"position\":2,\"name\":\"La importancia de la educaci\u00f3n y la matr\u00edcula escolar\"}]},{\"@type\":\"WebSite\",\"@id\":\"https:\/\/www.quinchobarrilete.org.ni\/es\/#website\",\"url\":\"https:\/\/www.quinchobarrilete.org.ni\/es\/\",\"name\":\"Asociaci\u00f3n Quincho Barrilete\",\"description\":\"Una Organizaci\u00f3n no gubernamental sin fines de lucro\",\"publisher\":{\"@id\":\"https:\/\/www.quinchobarrilete.org.ni\/es\/#organization\"},\"alternateName\":\"Quincho\",\"potentialAction\":[{\"@type\":\"SearchAction\",\"target\":{\"@type\":\"EntryPoint\",\"urlTemplate\":\"https:\/\/www.quinchobarrilete.org.ni\/es\/?s={search_term_string}\"},\"query-input\":{\"@type\":\"PropertyValueSpecification\",\"valueRequired\":true,\"valueName\":\"search_term_string\"}}],\"inLanguage\":\"es\"},{\"@type\":\"Organization\",\"@id\":\"https:\/\/www.quinchobarrilete.org.ni\/es\/#organization\",\"name\":\"Asociaci\u00f3n Quincho Barrilete\",\"url\":\"https:\/\/www.quinchobarrilete.org.ni\/es\/\",\"logo\":{\"@type\":\"ImageObject\",\"inLanguage\":\"es\",\"@id\":\"https:\/\/www.quinchobarrilete.org.ni\/es\/#\/schema\/logo\/image\/\",\"url\":\"https:\/\/www.quinchobarrilete.org.ni\/wp-content\/uploads\/2025\/01\/logo-2025-33anos-2-removebg-preview.png\",\"contentUrl\":\"https:\/\/www.quinchobarrilete.org.ni\/wp-content\/uploads\/2025\/01\/logo-2025-33anos-2-removebg-preview.png\",\"width\":500,\"height\":500,\"caption\":\"Asociaci\u00f3n Quincho Barrilete\"},\"image\":{\"@id\":\"https:\/\/www.quinchobarrilete.org.ni\/es\/#\/schema\/logo\/image\/\"},\"sameAs\":[\"https:\/\/www.facebook.com\/asociacionquinchobarrileteorg\/\",\"https:\/\/x.com\/aqbarrilete\"]},{\"@type\":\"Person\",\"@id\":\"https:\/\/www.quinchobarrilete.org.ni\/es\/#\/schema\/person\/44994a256bea95d432fc253b16914bbf\",\"name\":\"WebQuincho\",\"image\":{\"@type\":\"ImageObject\",\"inLanguage\":\"es\",\"@id\":\"https:\/\/www.quinchobarrilete.org.ni\/es\/#\/schema\/person\/image\/\",\"url\":\"https:\/\/secure.gravatar.com\/avatar\/94816127a9f3c0cd65e06d43d253c6ead978b56712f77d747a3092d5d775faaf?s=96&d=mm&r=g\",\"contentUrl\":\"https:\/\/secure.gravatar.com\/avatar\/94816127a9f3c0cd65e06d43d253c6ead978b56712f77d747a3092d5d775faaf?s=96&d=mm&r=g\",\"caption\":\"WebQuincho\"},\"sameAs\":[\"http:\/\/www.quinchobarrilete.org.ni\"],\"url\":\"https:\/\/www.quinchobarrilete.org.ni\/es\/author\/webquincho\/\"}]}<\/script>\n<!-- \/ Yoast SEO plugin. -->","yoast_head_json":{"title":"La importancia de la educaci\u00f3n y la matr\u00edcula escolar - Asociaci\u00f3n Quincho Barrilete","description":"La escuela les brinda un espacio seguro donde pueden desarrollarse emocional y socialmente, interactuando con sus compa\u00f1eros y aprendiendo valores como la responsabilidad, la tolerancia y el respeto.\u00a0","robots":{"index":"index","follow":"follow","max-snippet":"max-snippet:-1","max-image-preview":"max-image-preview:large","max-video-preview":"max-video-preview:-1"},"canonical":"https:\/\/www.quinchobarrilete.org.ni\/es\/matricula-escolar\/","og_locale":"es_ES","og_type":"article","og_title":"La importancia de la educaci\u00f3n y la matr\u00edcula escolar - Asociaci\u00f3n Quincho Barrilete","og_description":"La escuela les brinda un espacio seguro donde pueden desarrollarse emocional y socialmente, interactuando con sus compa\u00f1eros y aprendiendo valores como la responsabilidad, la tolerancia y el respeto.\u00a0","og_url":"https:\/\/www.quinchobarrilete.org.ni\/es\/matricula-escolar\/","og_site_name":"Asociaci\u00f3n Quincho Barrilete","article_publisher":"https:\/\/www.facebook.com\/asociacionquinchobarrileteorg\/","article_published_time":"2025-01-16T17:43:53+00:00","article_modified_time":"2025-01-16T17:43:56+00:00","og_image":[{"width":1280,"height":720,"url":"https:\/\/www.quinchobarrilete.org.ni\/wp-content\/uploads\/2025\/01\/matriculas.jpg","type":"image\/jpeg"}],"author":"WebQuincho","twitter_card":"summary_large_image","twitter_creator":"@aqbarrilete","twitter_site":"@aqbarrilete","twitter_misc":{"Escrito por":"WebQuincho","Tiempo de lectura":"2 minutos"},"schema":{"@context":"https:\/\/schema.org","@graph":[{"@type":"Article","@id":"https:\/\/www.quinchobarrilete.org.ni\/es\/matricula-escolar\/#article","isPartOf":{"@id":"https:\/\/www.quinchobarrilete.org.ni\/es\/matricula-escolar\/"},"author":{"name":"WebQuincho","@id":"https:\/\/www.quinchobarrilete.org.ni\/es\/#\/schema\/person\/44994a256bea95d432fc253b16914bbf"},"headline":"La importancia de la educaci\u00f3n y la matr\u00edcula escolar","datePublished":"2025-01-16T17:43:53+00:00","dateModified":"2025-01-16T17:43:56+00:00","mainEntityOfPage":{"@id":"https:\/\/www.quinchobarrilete.org.ni\/es\/matricula-escolar\/"},"wordCount":356,"commentCount":0,"publisher":{"@id":"https:\/\/www.quinchobarrilete.org.ni\/es\/#organization"},"image":{"@id":"https:\/\/www.quinchobarrilete.org.ni\/es\/matricula-escolar\/#primaryimage"},"thumbnailUrl":"https:\/\/www.quinchobarrilete.org.ni\/wp-content\/uploads\/2025\/01\/matriculas.jpg","keywords":["#colegio","#educacion","#escuela","cuando comienzan las clases 2025","derechos","matriculas 2025"],"articleSection":["Derechos"],"inLanguage":"es","potentialAction":[{"@type":"CommentAction","name":"Comment","target":["https:\/\/www.quinchobarrilete.org.ni\/es\/matricula-escolar\/#respond"]}]},{"@type":"WebPage","@id":"https:\/\/www.quinchobarrilete.org.ni\/es\/matricula-escolar\/","url":"https:\/\/www.quinchobarrilete.org.ni\/es\/matricula-escolar\/","name":"La importancia de la educaci\u00f3n y la matr\u00edcula escolar - Asociaci\u00f3n Quincho Barrilete","isPartOf":{"@id":"https:\/\/www.quinchobarrilete.org.ni\/es\/#website"},"primaryImageOfPage":{"@id":"https:\/\/www.quinchobarrilete.org.ni\/es\/matricula-escolar\/#primaryimage"},"image":{"@id":"https:\/\/www.quinchobarrilete.org.ni\/es\/matricula-escolar\/#primaryimage"},"thumbnailUrl":"https:\/\/www.quinchobarrilete.org.ni\/wp-content\/uploads\/2025\/01\/matriculas.jpg","datePublished":"2025-01-16T17:43:53+00:00","dateModified":"2025-01-16T17:43:56+00:00","description":"La escuela les brinda un espacio seguro donde pueden desarrollarse emocional y socialmente, interactuando con sus compa\u00f1eros y aprendiendo valores como la responsabilidad, la tolerancia y el respeto.\u00a0","breadcrumb":{"@id":"https:\/\/www.quinchobarrilete.org.ni\/es\/matricula-escolar\/#breadcrumb"},"inLanguage":"es","potentialAction":[{"@type":"ReadAction","target":["https:\/\/www.quinchobarrilete.org.ni\/es\/matricula-escolar\/"]}]},{"@type":"ImageObject","inLanguage":"es","@id":"https:\/\/www.quinchobarrilete.org.ni\/es\/matricula-escolar\/#primaryimage","url":"https:\/\/www.quinchobarrilete.org.ni\/wp-content\/uploads\/2025\/01\/matriculas.jpg","contentUrl":"https:\/\/www.quinchobarrilete.org.ni\/wp-content\/uploads\/2025\/01\/matriculas.jpg","width":1280,"height":720},{"@type":"BreadcrumbList","@id":"https:\/\/www.quinchobarrilete.org.ni\/es\/matricula-escolar\/#breadcrumb","itemListElement":[{"@type":"ListItem","position":1,"name":"Portada","item":"https:\/\/www.quinchobarrilete.org.ni\/"},{"@type":"ListItem","position":2,"name":"La importancia de la educaci\u00f3n y la matr\u00edcula escolar"}]},{"@type":"WebSite","@id":"https:\/\/www.quinchobarrilete.org.ni\/es\/#website","url":"https:\/\/www.quinchobarrilete.org.ni\/es\/","name":"Asociaci\u00f3n Quincho Barrilete","description":"Una Organizaci\u00f3n no gubernamental sin fines de lucro","publisher":{"@id":"https:\/\/www.quinchobarrilete.org.ni\/es\/#organization"},"alternateName":"Quincho","potentialAction":[{"@type":"SearchAction","target":{"@type":"EntryPoint","urlTemplate":"https:\/\/www.quinchobarrilete.org.ni\/es\/?s={search_term_string}"},"query-input":{"@type":"PropertyValueSpecification","valueRequired":true,"valueName":"search_term_string"}}],"inLanguage":"es"},{"@type":"Organization","@id":"https:\/\/www.quinchobarrilete.org.ni\/es\/#organization","name":"Asociaci\u00f3n Quincho Barrilete","url":"https:\/\/www.quinchobarrilete.org.ni\/es\/","logo":{"@type":"ImageObject","inLanguage":"es","@id":"https:\/\/www.quinchobarrilete.org.ni\/es\/#\/schema\/logo\/image\/","url":"https:\/\/www.quinchobarrilete.org.ni\/wp-content\/uploads\/2025\/01\/logo-2025-33anos-2-removebg-preview.png","contentUrl":"https:\/\/www.quinchobarrilete.org.ni\/wp-content\/uploads\/2025\/01\/logo-2025-33anos-2-removebg-preview.png","width":500,"height":500,"caption":"Asociaci\u00f3n Quincho Barrilete"},"image":{"@id":"https:\/\/www.quinchobarrilete.org.ni\/es\/#\/schema\/logo\/image\/"},"sameAs":["https:\/\/www.facebook.com\/asociacionquinchobarrileteorg\/","https:\/\/x.com\/aqbarrilete"]},{"@type":"Person","@id":"https:\/\/www.quinchobarrilete.org.ni\/es\/#\/schema\/person\/44994a256bea95d432fc253b16914bbf","name":"WebQuincho","image":{"@type":"ImageObject","inLanguage":"es","@id":"https:\/\/www.quinchobarrilete.org.ni\/es\/#\/schema\/person\/image\/","url":"https:\/\/secure.gravatar.com\/avatar\/94816127a9f3c0cd65e06d43d253c6ead978b56712f77d747a3092d5d775faaf?s=96&d=mm&r=g","contentUrl":"https:\/\/secure.gravatar.com\/avatar\/94816127a9f3c0cd65e06d43d253c6ead978b56712f77d747a3092d5d775faaf?s=96&d=mm&r=g","caption":"WebQuincho"},"sameAs":["http:\/\/www.quinchobarrilete.org.ni"],"url":"https:\/\/www.quinchobarrilete.org.ni\/es\/author\/webquincho\/"}]}},"_links":{"self":[{"href":"https:\/\/www.quinchobarrilete.org.ni\/es\/wp-json\/wp\/v2\/posts\/4944","targetHints":{"allow":["GET"]}}],"collection":[{"href":"https:\/\/www.quinchobarrilete.org.ni\/es\/wp-json\/wp\/v2\/posts"}],"about":[{"href":"https:\/\/www.quinchobarrilete.org.ni\/es\/wp-json\/wp\/v2\/types\/post"}],"author":[{"embeddable":true,"href":"https:\/\/www.quinchobarrilete.org.ni\/es\/wp-json\/wp\/v2\/users\/1"}],"replies":[{"embeddable":true,"href":"https:\/\/www.quinchobarrilete.org.ni\/es\/wp-json\/wp\/v2\/comments?post=4944"}],"version-history":[{"count":1,"href":"https:\/\/www.quinchobarrilete.org.ni\/es\/wp-json\/wp\/v2\/posts\/4944\/revisions"}],"predecessor-version":[{"id":4946,"href":"https:\/\/www.quinchobarrilete.org.ni\/es\/wp-json\/wp\/v2\/posts\/4944\/revisions\/4946"}],"wp:featuredmedia":[{"embeddable":true,"href":"https:\/\/www.quinchobarrilete.org.ni\/es\/wp-json\/wp\/v2\/media\/4945"}],"wp:attachment":[{"href":"https:\/\/www.quinchobarrilete.org.ni\/es\/wp-json\/wp\/v2\/media?parent=4944"}],"wp:term":[{"taxonomy":"category","embeddable":true,"href":"https:\/\/www.quinchobarrilete.org.ni\/es\/wp-json\/wp\/v2\/categories?post=4944"},{"taxonomy":"post_tag","embeddable":true,"href":"https:\/\/www.quinchobarrilete.org.ni\/es\/wp-json\/wp\/v2\/tags?post=4944"}],"curies":[{"name":"wp","href":"https:\/\/api.w.org\/{rel}","templated":true}]}}