{"id":4909,"date":"2024-11-27T16:21:17","date_gmt":"2024-11-27T16:21:17","guid":{"rendered":"https:\/\/www.quinchobarrilete.org.ni\/?p=4909"},"modified":"2024-11-27T16:22:17","modified_gmt":"2024-11-27T16:22:17","slug":"violencia-digital","status":"publish","type":"post","link":"https:\/\/www.quinchobarrilete.org.ni\/es\/violencia-digital\/","title":{"rendered":"Violencia digital: C\u00f3mo reconocerla y qu\u00e9 hacer para combatirla"},"content":{"rendered":"<div class=\"pdfprnt-buttons pdfprnt-buttons-post pdfprnt-top-bottom-left\"><a href=\"https:\/\/www.quinchobarrilete.org.ni\/es\/wp-json\/wp\/v2\/posts\/4909?print=pdf\" class=\"pdfprnt-button pdfprnt-button-pdf\" target=\"_blank\" ><span class=\"pdfprnt-button-title pdfprnt-button-pdf-title\">Descarga Art\u00edculo<\/span><\/a><a href=\"https:\/\/www.quinchobarrilete.org.ni\/es\/wp-json\/wp\/v2\/posts\/4909?print=print\" class=\"pdfprnt-button pdfprnt-button-print\" target=\"_blank\" ><img decoding=\"async\" src=\"https:\/\/www.quinchobarrilete.org.ni\/wp-content\/plugins\/pdf-print\/images\/print.png\" alt=\"image_print\" title=\"Imprimir contenido\" \/><\/a><\/div>\n<p>La violencia digital es una forma de agresi\u00f3n que utiliza tecnolog\u00edas como redes sociales, mensajes, correos electr\u00f3nicos y otros medios digitales para hostigar, amenazar, humillar o da\u00f1ar a una persona. En el caso de las mujeres, este tipo de violencia suele incluir pr\u00e1cticas como la difusi\u00f3n de im\u00e1genes \u00edntimas sin consentimiento, el ciberacoso, la sextorsi\u00f3n, el control o monitoreo constante de sus actividades en l\u00ednea y el env\u00edo de mensajes intimidantes o degradantes.<\/p>\n\n\n\n<p>Aunque ocurre en el espacio virtual, sus efectos son muy reales, afectando la salud emocional, la reputaci\u00f3n y, en ocasiones, la seguridad f\u00edsica de las v\u00edctimas.<\/p>\n\n\n\n<p>Una de las caracter\u00edsticas m\u00e1s preocupantes de la violencia digital es que trasciende las barreras del tiempo y el espacio, permitiendo que el da\u00f1o sea constante y alcance a un p\u00fablico masivo en poco tiempo. Esto puede generar un sentimiento de indefensi\u00f3n en las v\u00edctimas, quienes a menudo no saben c\u00f3mo detener la agresi\u00f3n ni c\u00f3mo enfrentarse al impacto psicol\u00f3gico que genera. Adem\u00e1s, la facilidad de anonimato en internet facilita que los agresores act\u00faen con impunidad, incrementando la gravedad del problema.<\/p>\n\n\n\n<p>Para prevenir la violencia digital, es importante adoptar pr\u00e1cticas de ciberseguridad y manejo responsable de la informaci\u00f3n personal. Esto incluye configurar adecuadamente la privacidad de las cuentas en redes sociales, evitar compartir datos sensibles o \u00edntimos con personas que no sean de plena confianza y utilizar contrase\u00f1as seguras. Tambi\u00e9n se recomienda desconfiar de mensajes sospechosos, no abrir enlaces de remitentes desconocidos y denunciar cualquier comportamiento inapropiado o sospechoso en plataformas digitales. <\/p>\n\n\n\n<p>Otro aspecto clave para evitar la violencia digital es la educaci\u00f3n. Tanto ni\u00f1as, como mujeres deben estar informadas sobre los riesgos asociados al uso de internet y c\u00f3mo protegerse. Las campa\u00f1as de concienciaci\u00f3n y los talleres sobre alfabetizaci\u00f3n digital son herramientas efectivas para ense\u00f1ar a las personas a identificar se\u00f1ales de violencia, reaccionar de manera adecuada y buscar ayuda si se convierten en v\u00edctimas. Adem\u00e1s, es fundamental crear un entorno donde se fomente el respeto y la empat\u00eda en los espacios virtuales.<\/p>\n\n\n\n<p>Seguinos en nuestras redes sociales: <a href=\"https:\/\/www.facebook.com\/asociacionquinchobarrileteorg\">Facebook <\/a>e <a href=\"https:\/\/www.instagram.com\/quinchobarrilete\/\">Instagram<\/a>.<\/p>\n<div class=\"pdfprnt-buttons pdfprnt-buttons-post pdfprnt-top-bottom-left\"><a href=\"https:\/\/www.quinchobarrilete.org.ni\/es\/wp-json\/wp\/v2\/posts\/4909?print=pdf\" class=\"pdfprnt-button pdfprnt-button-pdf\" target=\"_blank\" ><span class=\"pdfprnt-button-title pdfprnt-button-pdf-title\">Descarga Art\u00edculo<\/span><\/a><a href=\"https:\/\/www.quinchobarrilete.org.ni\/es\/wp-json\/wp\/v2\/posts\/4909?print=print\" class=\"pdfprnt-button pdfprnt-button-print\" target=\"_blank\" ><img decoding=\"async\" src=\"https:\/\/www.quinchobarrilete.org.ni\/wp-content\/plugins\/pdf-print\/images\/print.png\" alt=\"image_print\" title=\"Imprimir contenido\" \/><\/a><\/div>","protected":false},"excerpt":{"rendered":"<p> La violencia digital es una forma de agresi\u00f3n que utiliza tecnolog\u00edas como redes sociales, mensajes, correos electr\u00f3nicos y otros medios digitales para hostigar, amenazar, humillar o da\u00f1ar a una persona. En el caso de las mujeres, este tipo de violencia suele incluir pr\u00e1cticas como la difusi\u00f3n de im\u00e1genes \u00edntimas sin consentimiento, el ciberacoso, [&hellip;]<\/p>\n","protected":false},"author":1,"featured_media":4910,"comment_status":"open","ping_status":"open","sticky":false,"template":"","format":"standard","meta":{"footnotes":""},"categories":[18],"tags":[],"class_list":["post-4909","post","type-post","status-publish","format-standard","has-post-thumbnail","hentry","category-articulo"],"yoast_head":"<!-- This site is optimized with the Yoast SEO plugin v27.1.1 - https:\/\/yoast.com\/product\/yoast-seo-wordpress\/ -->\n<title>Violencia digital: C\u00f3mo reconocerla y qu\u00e9 hacer para combatirla - Asociaci\u00f3n Quincho Barrilete<\/title>\n<meta name=\"description\" content=\"Para prevenir la violencia digital, es importante adoptar pr\u00e1cticas de ciberseguridad y manejo responsable de la informaci\u00f3n personal.\" \/>\n<meta name=\"robots\" content=\"index, follow, max-snippet:-1, max-image-preview:large, max-video-preview:-1\" \/>\n<link rel=\"canonical\" href=\"https:\/\/www.quinchobarrilete.org.ni\/es\/violencia-digital\/\" \/>\n<meta property=\"og:locale\" content=\"es_ES\" \/>\n<meta property=\"og:type\" content=\"article\" \/>\n<meta property=\"og:title\" content=\"Violencia digital: C\u00f3mo reconocerla y qu\u00e9 hacer para combatirla - Asociaci\u00f3n Quincho Barrilete\" \/>\n<meta property=\"og:description\" content=\"Para prevenir la violencia digital, es importante adoptar pr\u00e1cticas de ciberseguridad y manejo responsable de la informaci\u00f3n personal.\" \/>\n<meta property=\"og:url\" content=\"https:\/\/www.quinchobarrilete.org.ni\/es\/violencia-digital\/\" \/>\n<meta property=\"og:site_name\" content=\"Asociaci\u00f3n Quincho Barrilete\" \/>\n<meta property=\"article:publisher\" content=\"https:\/\/www.facebook.com\/asociacionquinchobarrileteorg\/\" \/>\n<meta property=\"article:published_time\" content=\"2024-11-27T16:21:17+00:00\" \/>\n<meta property=\"article:modified_time\" content=\"2024-11-27T16:22:17+00:00\" \/>\n<meta property=\"og:image\" content=\"https:\/\/www.quinchobarrilete.org.ni\/wp-content\/uploads\/2024\/11\/Captura-de-pantalla-19.png\" \/>\n\t<meta property=\"og:image:width\" content=\"1190\" \/>\n\t<meta property=\"og:image:height\" content=\"735\" \/>\n\t<meta property=\"og:image:type\" content=\"image\/png\" \/>\n<meta name=\"author\" content=\"WebQuincho\" \/>\n<meta name=\"twitter:card\" content=\"summary_large_image\" \/>\n<meta name=\"twitter:creator\" content=\"@aqbarrilete\" \/>\n<meta name=\"twitter:site\" content=\"@aqbarrilete\" \/>\n<meta name=\"twitter:label1\" content=\"Escrito por\" \/>\n\t<meta name=\"twitter:data1\" content=\"WebQuincho\" \/>\n\t<meta name=\"twitter:label2\" content=\"Tiempo de lectura\" \/>\n\t<meta name=\"twitter:data2\" content=\"2 minutos\" \/>\n<script type=\"application\/ld+json\" class=\"yoast-schema-graph\">{\"@context\":\"https:\/\/schema.org\",\"@graph\":[{\"@type\":\"Article\",\"@id\":\"https:\/\/www.quinchobarrilete.org.ni\/es\/violencia-digital\/#article\",\"isPartOf\":{\"@id\":\"https:\/\/www.quinchobarrilete.org.ni\/es\/violencia-digital\/\"},\"author\":{\"name\":\"WebQuincho\",\"@id\":\"https:\/\/www.quinchobarrilete.org.ni\/es\/#\/schema\/person\/44994a256bea95d432fc253b16914bbf\"},\"headline\":\"Violencia digital: C\u00f3mo reconocerla y qu\u00e9 hacer para combatirla\",\"datePublished\":\"2024-11-27T16:21:17+00:00\",\"dateModified\":\"2024-11-27T16:22:17+00:00\",\"mainEntityOfPage\":{\"@id\":\"https:\/\/www.quinchobarrilete.org.ni\/es\/violencia-digital\/\"},\"wordCount\":391,\"commentCount\":0,\"publisher\":{\"@id\":\"https:\/\/www.quinchobarrilete.org.ni\/es\/#organization\"},\"image\":{\"@id\":\"https:\/\/www.quinchobarrilete.org.ni\/es\/violencia-digital\/#primaryimage\"},\"thumbnailUrl\":\"https:\/\/www.quinchobarrilete.org.ni\/wp-content\/uploads\/2024\/11\/Captura-de-pantalla-19.png\",\"articleSection\":[\"Art\u00edculos\"],\"inLanguage\":\"es\",\"potentialAction\":[{\"@type\":\"CommentAction\",\"name\":\"Comment\",\"target\":[\"https:\/\/www.quinchobarrilete.org.ni\/es\/violencia-digital\/#respond\"]}]},{\"@type\":\"WebPage\",\"@id\":\"https:\/\/www.quinchobarrilete.org.ni\/es\/violencia-digital\/\",\"url\":\"https:\/\/www.quinchobarrilete.org.ni\/es\/violencia-digital\/\",\"name\":\"Violencia digital: C\u00f3mo reconocerla y qu\u00e9 hacer para combatirla - Asociaci\u00f3n Quincho Barrilete\",\"isPartOf\":{\"@id\":\"https:\/\/www.quinchobarrilete.org.ni\/es\/#website\"},\"primaryImageOfPage\":{\"@id\":\"https:\/\/www.quinchobarrilete.org.ni\/es\/violencia-digital\/#primaryimage\"},\"image\":{\"@id\":\"https:\/\/www.quinchobarrilete.org.ni\/es\/violencia-digital\/#primaryimage\"},\"thumbnailUrl\":\"https:\/\/www.quinchobarrilete.org.ni\/wp-content\/uploads\/2024\/11\/Captura-de-pantalla-19.png\",\"datePublished\":\"2024-11-27T16:21:17+00:00\",\"dateModified\":\"2024-11-27T16:22:17+00:00\",\"description\":\"Para prevenir la violencia digital, es importante adoptar pr\u00e1cticas de ciberseguridad y manejo responsable de la informaci\u00f3n personal.\",\"breadcrumb\":{\"@id\":\"https:\/\/www.quinchobarrilete.org.ni\/es\/violencia-digital\/#breadcrumb\"},\"inLanguage\":\"es\",\"potentialAction\":[{\"@type\":\"ReadAction\",\"target\":[\"https:\/\/www.quinchobarrilete.org.ni\/es\/violencia-digital\/\"]}]},{\"@type\":\"ImageObject\",\"inLanguage\":\"es\",\"@id\":\"https:\/\/www.quinchobarrilete.org.ni\/es\/violencia-digital\/#primaryimage\",\"url\":\"https:\/\/www.quinchobarrilete.org.ni\/wp-content\/uploads\/2024\/11\/Captura-de-pantalla-19.png\",\"contentUrl\":\"https:\/\/www.quinchobarrilete.org.ni\/wp-content\/uploads\/2024\/11\/Captura-de-pantalla-19.png\",\"width\":1190,\"height\":735},{\"@type\":\"BreadcrumbList\",\"@id\":\"https:\/\/www.quinchobarrilete.org.ni\/es\/violencia-digital\/#breadcrumb\",\"itemListElement\":[{\"@type\":\"ListItem\",\"position\":1,\"name\":\"Portada\",\"item\":\"https:\/\/www.quinchobarrilete.org.ni\/\"},{\"@type\":\"ListItem\",\"position\":2,\"name\":\"Violencia digital: C\u00f3mo reconocerla y qu\u00e9 hacer para combatirla\"}]},{\"@type\":\"WebSite\",\"@id\":\"https:\/\/www.quinchobarrilete.org.ni\/es\/#website\",\"url\":\"https:\/\/www.quinchobarrilete.org.ni\/es\/\",\"name\":\"Asociaci\u00f3n Quincho Barrilete\",\"description\":\"Una Organizaci\u00f3n no gubernamental sin fines de lucro\",\"publisher\":{\"@id\":\"https:\/\/www.quinchobarrilete.org.ni\/es\/#organization\"},\"alternateName\":\"Quincho\",\"potentialAction\":[{\"@type\":\"SearchAction\",\"target\":{\"@type\":\"EntryPoint\",\"urlTemplate\":\"https:\/\/www.quinchobarrilete.org.ni\/es\/?s={search_term_string}\"},\"query-input\":{\"@type\":\"PropertyValueSpecification\",\"valueRequired\":true,\"valueName\":\"search_term_string\"}}],\"inLanguage\":\"es\"},{\"@type\":\"Organization\",\"@id\":\"https:\/\/www.quinchobarrilete.org.ni\/es\/#organization\",\"name\":\"Asociaci\u00f3n Quincho Barrilete\",\"url\":\"https:\/\/www.quinchobarrilete.org.ni\/es\/\",\"logo\":{\"@type\":\"ImageObject\",\"inLanguage\":\"es\",\"@id\":\"https:\/\/www.quinchobarrilete.org.ni\/es\/#\/schema\/logo\/image\/\",\"url\":\"https:\/\/www.quinchobarrilete.org.ni\/wp-content\/uploads\/2025\/01\/logo-2025-33anos-2-removebg-preview.png\",\"contentUrl\":\"https:\/\/www.quinchobarrilete.org.ni\/wp-content\/uploads\/2025\/01\/logo-2025-33anos-2-removebg-preview.png\",\"width\":500,\"height\":500,\"caption\":\"Asociaci\u00f3n Quincho Barrilete\"},\"image\":{\"@id\":\"https:\/\/www.quinchobarrilete.org.ni\/es\/#\/schema\/logo\/image\/\"},\"sameAs\":[\"https:\/\/www.facebook.com\/asociacionquinchobarrileteorg\/\",\"https:\/\/x.com\/aqbarrilete\"]},{\"@type\":\"Person\",\"@id\":\"https:\/\/www.quinchobarrilete.org.ni\/es\/#\/schema\/person\/44994a256bea95d432fc253b16914bbf\",\"name\":\"WebQuincho\",\"image\":{\"@type\":\"ImageObject\",\"inLanguage\":\"es\",\"@id\":\"https:\/\/www.quinchobarrilete.org.ni\/es\/#\/schema\/person\/image\/\",\"url\":\"https:\/\/secure.gravatar.com\/avatar\/94816127a9f3c0cd65e06d43d253c6ead978b56712f77d747a3092d5d775faaf?s=96&d=mm&r=g\",\"contentUrl\":\"https:\/\/secure.gravatar.com\/avatar\/94816127a9f3c0cd65e06d43d253c6ead978b56712f77d747a3092d5d775faaf?s=96&d=mm&r=g\",\"caption\":\"WebQuincho\"},\"sameAs\":[\"http:\/\/www.quinchobarrilete.org.ni\"],\"url\":\"https:\/\/www.quinchobarrilete.org.ni\/es\/author\/webquincho\/\"}]}<\/script>\n<!-- \/ Yoast SEO plugin. -->","yoast_head_json":{"title":"Violencia digital: C\u00f3mo reconocerla y qu\u00e9 hacer para combatirla - Asociaci\u00f3n Quincho Barrilete","description":"Para prevenir la violencia digital, es importante adoptar pr\u00e1cticas de ciberseguridad y manejo responsable de la informaci\u00f3n personal.","robots":{"index":"index","follow":"follow","max-snippet":"max-snippet:-1","max-image-preview":"max-image-preview:large","max-video-preview":"max-video-preview:-1"},"canonical":"https:\/\/www.quinchobarrilete.org.ni\/es\/violencia-digital\/","og_locale":"es_ES","og_type":"article","og_title":"Violencia digital: C\u00f3mo reconocerla y qu\u00e9 hacer para combatirla - Asociaci\u00f3n Quincho Barrilete","og_description":"Para prevenir la violencia digital, es importante adoptar pr\u00e1cticas de ciberseguridad y manejo responsable de la informaci\u00f3n personal.","og_url":"https:\/\/www.quinchobarrilete.org.ni\/es\/violencia-digital\/","og_site_name":"Asociaci\u00f3n Quincho Barrilete","article_publisher":"https:\/\/www.facebook.com\/asociacionquinchobarrileteorg\/","article_published_time":"2024-11-27T16:21:17+00:00","article_modified_time":"2024-11-27T16:22:17+00:00","og_image":[{"width":1190,"height":735,"url":"https:\/\/www.quinchobarrilete.org.ni\/wp-content\/uploads\/2024\/11\/Captura-de-pantalla-19.png","type":"image\/png"}],"author":"WebQuincho","twitter_card":"summary_large_image","twitter_creator":"@aqbarrilete","twitter_site":"@aqbarrilete","twitter_misc":{"Escrito por":"WebQuincho","Tiempo de lectura":"2 minutos"},"schema":{"@context":"https:\/\/schema.org","@graph":[{"@type":"Article","@id":"https:\/\/www.quinchobarrilete.org.ni\/es\/violencia-digital\/#article","isPartOf":{"@id":"https:\/\/www.quinchobarrilete.org.ni\/es\/violencia-digital\/"},"author":{"name":"WebQuincho","@id":"https:\/\/www.quinchobarrilete.org.ni\/es\/#\/schema\/person\/44994a256bea95d432fc253b16914bbf"},"headline":"Violencia digital: C\u00f3mo reconocerla y qu\u00e9 hacer para combatirla","datePublished":"2024-11-27T16:21:17+00:00","dateModified":"2024-11-27T16:22:17+00:00","mainEntityOfPage":{"@id":"https:\/\/www.quinchobarrilete.org.ni\/es\/violencia-digital\/"},"wordCount":391,"commentCount":0,"publisher":{"@id":"https:\/\/www.quinchobarrilete.org.ni\/es\/#organization"},"image":{"@id":"https:\/\/www.quinchobarrilete.org.ni\/es\/violencia-digital\/#primaryimage"},"thumbnailUrl":"https:\/\/www.quinchobarrilete.org.ni\/wp-content\/uploads\/2024\/11\/Captura-de-pantalla-19.png","articleSection":["Art\u00edculos"],"inLanguage":"es","potentialAction":[{"@type":"CommentAction","name":"Comment","target":["https:\/\/www.quinchobarrilete.org.ni\/es\/violencia-digital\/#respond"]}]},{"@type":"WebPage","@id":"https:\/\/www.quinchobarrilete.org.ni\/es\/violencia-digital\/","url":"https:\/\/www.quinchobarrilete.org.ni\/es\/violencia-digital\/","name":"Violencia digital: C\u00f3mo reconocerla y qu\u00e9 hacer para combatirla - Asociaci\u00f3n Quincho Barrilete","isPartOf":{"@id":"https:\/\/www.quinchobarrilete.org.ni\/es\/#website"},"primaryImageOfPage":{"@id":"https:\/\/www.quinchobarrilete.org.ni\/es\/violencia-digital\/#primaryimage"},"image":{"@id":"https:\/\/www.quinchobarrilete.org.ni\/es\/violencia-digital\/#primaryimage"},"thumbnailUrl":"https:\/\/www.quinchobarrilete.org.ni\/wp-content\/uploads\/2024\/11\/Captura-de-pantalla-19.png","datePublished":"2024-11-27T16:21:17+00:00","dateModified":"2024-11-27T16:22:17+00:00","description":"Para prevenir la violencia digital, es importante adoptar pr\u00e1cticas de ciberseguridad y manejo responsable de la informaci\u00f3n personal.","breadcrumb":{"@id":"https:\/\/www.quinchobarrilete.org.ni\/es\/violencia-digital\/#breadcrumb"},"inLanguage":"es","potentialAction":[{"@type":"ReadAction","target":["https:\/\/www.quinchobarrilete.org.ni\/es\/violencia-digital\/"]}]},{"@type":"ImageObject","inLanguage":"es","@id":"https:\/\/www.quinchobarrilete.org.ni\/es\/violencia-digital\/#primaryimage","url":"https:\/\/www.quinchobarrilete.org.ni\/wp-content\/uploads\/2024\/11\/Captura-de-pantalla-19.png","contentUrl":"https:\/\/www.quinchobarrilete.org.ni\/wp-content\/uploads\/2024\/11\/Captura-de-pantalla-19.png","width":1190,"height":735},{"@type":"BreadcrumbList","@id":"https:\/\/www.quinchobarrilete.org.ni\/es\/violencia-digital\/#breadcrumb","itemListElement":[{"@type":"ListItem","position":1,"name":"Portada","item":"https:\/\/www.quinchobarrilete.org.ni\/"},{"@type":"ListItem","position":2,"name":"Violencia digital: C\u00f3mo reconocerla y qu\u00e9 hacer para combatirla"}]},{"@type":"WebSite","@id":"https:\/\/www.quinchobarrilete.org.ni\/es\/#website","url":"https:\/\/www.quinchobarrilete.org.ni\/es\/","name":"Asociaci\u00f3n Quincho Barrilete","description":"Una Organizaci\u00f3n no gubernamental sin fines de lucro","publisher":{"@id":"https:\/\/www.quinchobarrilete.org.ni\/es\/#organization"},"alternateName":"Quincho","potentialAction":[{"@type":"SearchAction","target":{"@type":"EntryPoint","urlTemplate":"https:\/\/www.quinchobarrilete.org.ni\/es\/?s={search_term_string}"},"query-input":{"@type":"PropertyValueSpecification","valueRequired":true,"valueName":"search_term_string"}}],"inLanguage":"es"},{"@type":"Organization","@id":"https:\/\/www.quinchobarrilete.org.ni\/es\/#organization","name":"Asociaci\u00f3n Quincho Barrilete","url":"https:\/\/www.quinchobarrilete.org.ni\/es\/","logo":{"@type":"ImageObject","inLanguage":"es","@id":"https:\/\/www.quinchobarrilete.org.ni\/es\/#\/schema\/logo\/image\/","url":"https:\/\/www.quinchobarrilete.org.ni\/wp-content\/uploads\/2025\/01\/logo-2025-33anos-2-removebg-preview.png","contentUrl":"https:\/\/www.quinchobarrilete.org.ni\/wp-content\/uploads\/2025\/01\/logo-2025-33anos-2-removebg-preview.png","width":500,"height":500,"caption":"Asociaci\u00f3n Quincho Barrilete"},"image":{"@id":"https:\/\/www.quinchobarrilete.org.ni\/es\/#\/schema\/logo\/image\/"},"sameAs":["https:\/\/www.facebook.com\/asociacionquinchobarrileteorg\/","https:\/\/x.com\/aqbarrilete"]},{"@type":"Person","@id":"https:\/\/www.quinchobarrilete.org.ni\/es\/#\/schema\/person\/44994a256bea95d432fc253b16914bbf","name":"WebQuincho","image":{"@type":"ImageObject","inLanguage":"es","@id":"https:\/\/www.quinchobarrilete.org.ni\/es\/#\/schema\/person\/image\/","url":"https:\/\/secure.gravatar.com\/avatar\/94816127a9f3c0cd65e06d43d253c6ead978b56712f77d747a3092d5d775faaf?s=96&d=mm&r=g","contentUrl":"https:\/\/secure.gravatar.com\/avatar\/94816127a9f3c0cd65e06d43d253c6ead978b56712f77d747a3092d5d775faaf?s=96&d=mm&r=g","caption":"WebQuincho"},"sameAs":["http:\/\/www.quinchobarrilete.org.ni"],"url":"https:\/\/www.quinchobarrilete.org.ni\/es\/author\/webquincho\/"}]}},"_links":{"self":[{"href":"https:\/\/www.quinchobarrilete.org.ni\/es\/wp-json\/wp\/v2\/posts\/4909","targetHints":{"allow":["GET"]}}],"collection":[{"href":"https:\/\/www.quinchobarrilete.org.ni\/es\/wp-json\/wp\/v2\/posts"}],"about":[{"href":"https:\/\/www.quinchobarrilete.org.ni\/es\/wp-json\/wp\/v2\/types\/post"}],"author":[{"embeddable":true,"href":"https:\/\/www.quinchobarrilete.org.ni\/es\/wp-json\/wp\/v2\/users\/1"}],"replies":[{"embeddable":true,"href":"https:\/\/www.quinchobarrilete.org.ni\/es\/wp-json\/wp\/v2\/comments?post=4909"}],"version-history":[{"count":2,"href":"https:\/\/www.quinchobarrilete.org.ni\/es\/wp-json\/wp\/v2\/posts\/4909\/revisions"}],"predecessor-version":[{"id":4912,"href":"https:\/\/www.quinchobarrilete.org.ni\/es\/wp-json\/wp\/v2\/posts\/4909\/revisions\/4912"}],"wp:featuredmedia":[{"embeddable":true,"href":"https:\/\/www.quinchobarrilete.org.ni\/es\/wp-json\/wp\/v2\/media\/4910"}],"wp:attachment":[{"href":"https:\/\/www.quinchobarrilete.org.ni\/es\/wp-json\/wp\/v2\/media?parent=4909"}],"wp:term":[{"taxonomy":"category","embeddable":true,"href":"https:\/\/www.quinchobarrilete.org.ni\/es\/wp-json\/wp\/v2\/categories?post=4909"},{"taxonomy":"post_tag","embeddable":true,"href":"https:\/\/www.quinchobarrilete.org.ni\/es\/wp-json\/wp\/v2\/tags?post=4909"}],"curies":[{"name":"wp","href":"https:\/\/api.w.org\/{rel}","templated":true}]}}