{"id":4904,"date":"2024-11-19T17:29:31","date_gmt":"2024-11-19T17:29:31","guid":{"rendered":"https:\/\/www.quinchobarrilete.org.ni\/?p=4904"},"modified":"2024-11-19T17:29:33","modified_gmt":"2024-11-19T17:29:33","slug":"la-prevencion-del-abuso-sexual-infantil-un-compromiso-de-todos","status":"publish","type":"post","link":"https:\/\/www.quinchobarrilete.org.ni\/es\/la-prevencion-del-abuso-sexual-infantil-un-compromiso-de-todos\/","title":{"rendered":"La prevenci\u00f3n del abuso sexual infantil: un compromiso de todos"},"content":{"rendered":"<div class=\"pdfprnt-buttons pdfprnt-buttons-post pdfprnt-top-bottom-left\"><a href=\"https:\/\/www.quinchobarrilete.org.ni\/es\/wp-json\/wp\/v2\/posts\/4904?print=pdf\" class=\"pdfprnt-button pdfprnt-button-pdf\" target=\"_blank\" ><span class=\"pdfprnt-button-title pdfprnt-button-pdf-title\">Descarga Art\u00edculo<\/span><\/a><a href=\"https:\/\/www.quinchobarrilete.org.ni\/es\/wp-json\/wp\/v2\/posts\/4904?print=print\" class=\"pdfprnt-button pdfprnt-button-print\" target=\"_blank\" ><img decoding=\"async\" src=\"https:\/\/www.quinchobarrilete.org.ni\/wp-content\/plugins\/pdf-print\/images\/print.png\" alt=\"image_print\" title=\"Imprimir contenido\" \/><\/a><\/div>\n<p>El abuso sexual infantil es una realidad alarmante que afecta a millones de ni\u00f1os, ni\u00f1as y adolescentes en todo el mundo. Este problema no solo vulnera sus derechos fundamentales, tambi\u00e9n deja profundas secuelas emocionales y psicol\u00f3gicas que marcan su desarrollo. Es por ello que, cada 19 de noviembre, se conmemora el D\u00eda Mundial para la Prevenci\u00f3n del Abuso Sexual de Ni\u00f1os, Ni\u00f1as y Adolescentes, una fecha que nos invita a reflexionar y actuar para protegerlos.<\/p>\n\n\n\n<p>La Asociaci\u00f3n Quincho Barrilete, comprometida con la infancia, trabaja d\u00eda a d\u00eda para garantizar entornos seguros donde los ni\u00f1os y ni\u00f1as puedan crecer libres de violencia y abuso. A trav\u00e9s de programas educativos y talleres comunitarios, buscamos empoderar a las familias y las comunidades con herramientas para prevenir, identificar y denunciar este tipo de violencia. Nuestra misi\u00f3n es construir una sociedad donde los derechos de la ni\u00f1ez sean respetados y protegidos.<\/p>\n\n\n\n<figure class=\"wp-block-image size-large\"><img fetchpriority=\"high\" decoding=\"async\" width=\"1024\" height=\"1024\" src=\"https:\/\/www.quinchobarrilete.org.ni\/wp-content\/uploads\/2024\/11\/Mesa-de-trabajo-1-1024x1024.jpg\" alt=\"\" class=\"wp-image-4905\" srcset=\"https:\/\/www.quinchobarrilete.org.ni\/wp-content\/uploads\/2024\/11\/Mesa-de-trabajo-1-1024x1024.jpg 1024w, https:\/\/www.quinchobarrilete.org.ni\/wp-content\/uploads\/2024\/11\/Mesa-de-trabajo-1-300x300.jpg 300w, https:\/\/www.quinchobarrilete.org.ni\/wp-content\/uploads\/2024\/11\/Mesa-de-trabajo-1-150x150.jpg 150w, https:\/\/www.quinchobarrilete.org.ni\/wp-content\/uploads\/2024\/11\/Mesa-de-trabajo-1-768x768.jpg 768w, https:\/\/www.quinchobarrilete.org.ni\/wp-content\/uploads\/2024\/11\/Mesa-de-trabajo-1-12x12.jpg 12w, https:\/\/www.quinchobarrilete.org.ni\/wp-content\/uploads\/2024\/11\/Mesa-de-trabajo-1-600x600.jpg 600w, https:\/\/www.quinchobarrilete.org.ni\/wp-content\/uploads\/2024\/11\/Mesa-de-trabajo-1-100x100.jpg 100w, https:\/\/www.quinchobarrilete.org.ni\/wp-content\/uploads\/2024\/11\/Mesa-de-trabajo-1.jpg 1080w\" sizes=\"(max-width: 1024px) 100vw, 1024px\" \/><\/figure>\n\n\n\n<p>En nuestros talleres, enfatizamos la importancia de la comunicaci\u00f3n abierta entre padres e hijos. Ense\u00f1amos a los ni\u00f1os sobre sus derechos, el respeto hacia su cuerpo y c\u00f3mo reconocer situaciones inc\u00f3modas o peligrosas. Tambi\u00e9n capacitamos a los padres y referentes sobre c\u00f3mo detectar se\u00f1ales de abuso y actuar de manera adecuada. Creemos firmemente que la educaci\u00f3n es la base para prevenir el abuso sexual infantil.<\/p>\n\n\n\n<p>En AQB, colaboramos con psic\u00f3logos y abogados para brindar apoyo integral a las v\u00edctimas y sus familias. Sabemos que el proceso de recuperaci\u00f3n es largo y delicado, pero tambi\u00e9n entendemos que, con el acompa\u00f1amiento adecuado, es posible sanar y recuperar la confianza.<\/p>\n\n\n\n<p>Este trabajo no ser\u00eda posible sin la participaci\u00f3n activa de la comunidad. Cada uno de nosotros tiene un papel crucial en la prevenci\u00f3n del abuso sexual infantil. Desde educar en casa hasta denunciar actos sospechosos, nuestras acciones pueden marcar la diferencia en la vida de un ni\u00f1o.<\/p>\n\n\n\n<p>En este D\u00eda Mundial para la Prevenci\u00f3n del Abuso Sexual Infantil, reafirmamos nuestro compromiso de seguir trabajando incansablemente por el bienestar de la ni\u00f1ez. Porque cada sonrisa protegida es un paso hacia un futuro m\u00e1s esperanzador. \u00a1Juntos podemos hacer la diferencia!<\/p>\n\n\n\n<p>S\u00edguenos en <a href=\"https:\/\/www.facebook.com\/asociacionquinchobarrileteorg\">facebook<\/a>. <\/p>\n<div class=\"pdfprnt-buttons pdfprnt-buttons-post pdfprnt-top-bottom-left\"><a href=\"https:\/\/www.quinchobarrilete.org.ni\/es\/wp-json\/wp\/v2\/posts\/4904?print=pdf\" class=\"pdfprnt-button pdfprnt-button-pdf\" target=\"_blank\" ><span class=\"pdfprnt-button-title pdfprnt-button-pdf-title\">Descarga Art\u00edculo<\/span><\/a><a href=\"https:\/\/www.quinchobarrilete.org.ni\/es\/wp-json\/wp\/v2\/posts\/4904?print=print\" class=\"pdfprnt-button pdfprnt-button-print\" target=\"_blank\" ><img decoding=\"async\" src=\"https:\/\/www.quinchobarrilete.org.ni\/wp-content\/plugins\/pdf-print\/images\/print.png\" alt=\"image_print\" title=\"Imprimir contenido\" \/><\/a><\/div>","protected":false},"excerpt":{"rendered":"<p> El abuso sexual infantil es una realidad alarmante que afecta a millones de ni\u00f1os, ni\u00f1as y adolescentes en todo el mundo. Este problema no solo vulnera sus derechos fundamentales, tambi\u00e9n deja profundas secuelas emocionales y psicol\u00f3gicas que marcan su desarrollo. Es por ello que, cada 19 de noviembre, se conmemora el D\u00eda Mundial [&hellip;]<\/p>\n","protected":false},"author":1,"featured_media":4906,"comment_status":"open","ping_status":"open","sticky":false,"template":"","format":"standard","meta":{"footnotes":""},"categories":[18],"tags":[87,95],"class_list":["post-4904","post","type-post","status-publish","format-standard","has-post-thumbnail","hentry","category-articulo","tag-familia","tag-derechos"],"yoast_head":"<!-- This site is optimized with the Yoast SEO plugin v27.1.1 - https:\/\/yoast.com\/product\/yoast-seo-wordpress\/ -->\n<title>La prevenci\u00f3n del abuso sexual infantil: un compromiso de todos - Asociaci\u00f3n Quincho Barrilete<\/title>\n<meta name=\"description\" content=\"El abuso sexual infantil es una realidad alarmante que afecta a millones de ni\u00f1os, ni\u00f1as y adolescentes en todo el mundo. Este problema no solo vulnera sus derechos fundamentales, tambi\u00e9n deja profundas secuelas emocionales y psicol\u00f3gicas que marcan su desarrollo. Es por ello que, cada 19 de noviembre, se conmemora el D\u00eda Mundial para la Prevenci\u00f3n del Abuso Sexual de Ni\u00f1os, Ni\u00f1as y Adolescentes, una fecha que nos invita a reflexionar y actuar para protegerlos.\" \/>\n<meta name=\"robots\" content=\"index, follow, max-snippet:-1, max-image-preview:large, max-video-preview:-1\" \/>\n<link rel=\"canonical\" href=\"https:\/\/www.quinchobarrilete.org.ni\/es\/la-prevencion-del-abuso-sexual-infantil-un-compromiso-de-todos\/\" \/>\n<meta property=\"og:locale\" content=\"es_ES\" \/>\n<meta property=\"og:type\" content=\"article\" \/>\n<meta property=\"og:title\" content=\"La prevenci\u00f3n del abuso sexual infantil: un compromiso de todos - Asociaci\u00f3n Quincho Barrilete\" \/>\n<meta property=\"og:description\" content=\"El abuso sexual infantil es una realidad alarmante que afecta a millones de ni\u00f1os, ni\u00f1as y adolescentes en todo el mundo. Este problema no solo vulnera sus derechos fundamentales, tambi\u00e9n deja profundas secuelas emocionales y psicol\u00f3gicas que marcan su desarrollo. Es por ello que, cada 19 de noviembre, se conmemora el D\u00eda Mundial para la Prevenci\u00f3n del Abuso Sexual de Ni\u00f1os, Ni\u00f1as y Adolescentes, una fecha que nos invita a reflexionar y actuar para protegerlos.\" \/>\n<meta property=\"og:url\" content=\"https:\/\/www.quinchobarrilete.org.ni\/es\/la-prevencion-del-abuso-sexual-infantil-un-compromiso-de-todos\/\" \/>\n<meta property=\"og:site_name\" content=\"Asociaci\u00f3n Quincho Barrilete\" \/>\n<meta property=\"article:publisher\" content=\"https:\/\/www.facebook.com\/asociacionquinchobarrileteorg\/\" \/>\n<meta property=\"article:published_time\" content=\"2024-11-19T17:29:31+00:00\" \/>\n<meta property=\"article:modified_time\" content=\"2024-11-19T17:29:33+00:00\" \/>\n<meta property=\"og:image\" content=\"https:\/\/www.quinchobarrilete.org.ni\/wp-content\/uploads\/2024\/11\/alto-nino-nina.jpg\" \/>\n\t<meta property=\"og:image:width\" content=\"1216\" \/>\n\t<meta property=\"og:image:height\" content=\"640\" \/>\n\t<meta property=\"og:image:type\" content=\"image\/jpeg\" \/>\n<meta name=\"author\" content=\"WebQuincho\" \/>\n<meta name=\"twitter:card\" content=\"summary_large_image\" \/>\n<meta name=\"twitter:creator\" content=\"@aqbarrilete\" \/>\n<meta name=\"twitter:site\" content=\"@aqbarrilete\" \/>\n<meta name=\"twitter:label1\" content=\"Escrito por\" \/>\n\t<meta name=\"twitter:data1\" content=\"WebQuincho\" \/>\n\t<meta name=\"twitter:label2\" content=\"Tiempo de lectura\" \/>\n\t<meta name=\"twitter:data2\" content=\"2 minutos\" \/>\n<script type=\"application\/ld+json\" class=\"yoast-schema-graph\">{\"@context\":\"https:\/\/schema.org\",\"@graph\":[{\"@type\":\"Article\",\"@id\":\"https:\/\/www.quinchobarrilete.org.ni\/es\/la-prevencion-del-abuso-sexual-infantil-un-compromiso-de-todos\/#article\",\"isPartOf\":{\"@id\":\"https:\/\/www.quinchobarrilete.org.ni\/es\/la-prevencion-del-abuso-sexual-infantil-un-compromiso-de-todos\/\"},\"author\":{\"name\":\"WebQuincho\",\"@id\":\"https:\/\/www.quinchobarrilete.org.ni\/es\/#\/schema\/person\/44994a256bea95d432fc253b16914bbf\"},\"headline\":\"La prevenci\u00f3n del abuso sexual infantil: un compromiso de todos\",\"datePublished\":\"2024-11-19T17:29:31+00:00\",\"dateModified\":\"2024-11-19T17:29:33+00:00\",\"mainEntityOfPage\":{\"@id\":\"https:\/\/www.quinchobarrilete.org.ni\/es\/la-prevencion-del-abuso-sexual-infantil-un-compromiso-de-todos\/\"},\"wordCount\":393,\"commentCount\":0,\"publisher\":{\"@id\":\"https:\/\/www.quinchobarrilete.org.ni\/es\/#organization\"},\"image\":{\"@id\":\"https:\/\/www.quinchobarrilete.org.ni\/es\/la-prevencion-del-abuso-sexual-infantil-un-compromiso-de-todos\/#primaryimage\"},\"thumbnailUrl\":\"https:\/\/www.quinchobarrilete.org.ni\/wp-content\/uploads\/2024\/11\/alto-nino-nina.jpg\",\"keywords\":[\"#familia\",\"derechos\"],\"articleSection\":[\"Art\u00edculos\"],\"inLanguage\":\"es\",\"potentialAction\":[{\"@type\":\"CommentAction\",\"name\":\"Comment\",\"target\":[\"https:\/\/www.quinchobarrilete.org.ni\/es\/la-prevencion-del-abuso-sexual-infantil-un-compromiso-de-todos\/#respond\"]}]},{\"@type\":\"WebPage\",\"@id\":\"https:\/\/www.quinchobarrilete.org.ni\/es\/la-prevencion-del-abuso-sexual-infantil-un-compromiso-de-todos\/\",\"url\":\"https:\/\/www.quinchobarrilete.org.ni\/es\/la-prevencion-del-abuso-sexual-infantil-un-compromiso-de-todos\/\",\"name\":\"La prevenci\u00f3n del abuso sexual infantil: un compromiso de todos - Asociaci\u00f3n Quincho Barrilete\",\"isPartOf\":{\"@id\":\"https:\/\/www.quinchobarrilete.org.ni\/es\/#website\"},\"primaryImageOfPage\":{\"@id\":\"https:\/\/www.quinchobarrilete.org.ni\/es\/la-prevencion-del-abuso-sexual-infantil-un-compromiso-de-todos\/#primaryimage\"},\"image\":{\"@id\":\"https:\/\/www.quinchobarrilete.org.ni\/es\/la-prevencion-del-abuso-sexual-infantil-un-compromiso-de-todos\/#primaryimage\"},\"thumbnailUrl\":\"https:\/\/www.quinchobarrilete.org.ni\/wp-content\/uploads\/2024\/11\/alto-nino-nina.jpg\",\"datePublished\":\"2024-11-19T17:29:31+00:00\",\"dateModified\":\"2024-11-19T17:29:33+00:00\",\"description\":\"El abuso sexual infantil es una realidad alarmante que afecta a millones de ni\u00f1os, ni\u00f1as y adolescentes en todo el mundo. Este problema no solo vulnera sus derechos fundamentales, tambi\u00e9n deja profundas secuelas emocionales y psicol\u00f3gicas que marcan su desarrollo. Es por ello que, cada 19 de noviembre, se conmemora el D\u00eda Mundial para la Prevenci\u00f3n del Abuso Sexual de Ni\u00f1os, Ni\u00f1as y Adolescentes, una fecha que nos invita a reflexionar y actuar para protegerlos.\",\"breadcrumb\":{\"@id\":\"https:\/\/www.quinchobarrilete.org.ni\/es\/la-prevencion-del-abuso-sexual-infantil-un-compromiso-de-todos\/#breadcrumb\"},\"inLanguage\":\"es\",\"potentialAction\":[{\"@type\":\"ReadAction\",\"target\":[\"https:\/\/www.quinchobarrilete.org.ni\/es\/la-prevencion-del-abuso-sexual-infantil-un-compromiso-de-todos\/\"]}]},{\"@type\":\"ImageObject\",\"inLanguage\":\"es\",\"@id\":\"https:\/\/www.quinchobarrilete.org.ni\/es\/la-prevencion-del-abuso-sexual-infantil-un-compromiso-de-todos\/#primaryimage\",\"url\":\"https:\/\/www.quinchobarrilete.org.ni\/wp-content\/uploads\/2024\/11\/alto-nino-nina.jpg\",\"contentUrl\":\"https:\/\/www.quinchobarrilete.org.ni\/wp-content\/uploads\/2024\/11\/alto-nino-nina.jpg\",\"width\":1216,\"height\":640},{\"@type\":\"BreadcrumbList\",\"@id\":\"https:\/\/www.quinchobarrilete.org.ni\/es\/la-prevencion-del-abuso-sexual-infantil-un-compromiso-de-todos\/#breadcrumb\",\"itemListElement\":[{\"@type\":\"ListItem\",\"position\":1,\"name\":\"Portada\",\"item\":\"https:\/\/www.quinchobarrilete.org.ni\/\"},{\"@type\":\"ListItem\",\"position\":2,\"name\":\"La prevenci\u00f3n del abuso sexual infantil: un compromiso de todos\"}]},{\"@type\":\"WebSite\",\"@id\":\"https:\/\/www.quinchobarrilete.org.ni\/es\/#website\",\"url\":\"https:\/\/www.quinchobarrilete.org.ni\/es\/\",\"name\":\"Asociaci\u00f3n Quincho Barrilete\",\"description\":\"Una Organizaci\u00f3n no gubernamental sin fines de lucro\",\"publisher\":{\"@id\":\"https:\/\/www.quinchobarrilete.org.ni\/es\/#organization\"},\"alternateName\":\"Quincho\",\"potentialAction\":[{\"@type\":\"SearchAction\",\"target\":{\"@type\":\"EntryPoint\",\"urlTemplate\":\"https:\/\/www.quinchobarrilete.org.ni\/es\/?s={search_term_string}\"},\"query-input\":{\"@type\":\"PropertyValueSpecification\",\"valueRequired\":true,\"valueName\":\"search_term_string\"}}],\"inLanguage\":\"es\"},{\"@type\":\"Organization\",\"@id\":\"https:\/\/www.quinchobarrilete.org.ni\/es\/#organization\",\"name\":\"Asociaci\u00f3n Quincho Barrilete\",\"url\":\"https:\/\/www.quinchobarrilete.org.ni\/es\/\",\"logo\":{\"@type\":\"ImageObject\",\"inLanguage\":\"es\",\"@id\":\"https:\/\/www.quinchobarrilete.org.ni\/es\/#\/schema\/logo\/image\/\",\"url\":\"https:\/\/www.quinchobarrilete.org.ni\/wp-content\/uploads\/2025\/01\/logo-2025-33anos-2-removebg-preview.png\",\"contentUrl\":\"https:\/\/www.quinchobarrilete.org.ni\/wp-content\/uploads\/2025\/01\/logo-2025-33anos-2-removebg-preview.png\",\"width\":500,\"height\":500,\"caption\":\"Asociaci\u00f3n Quincho Barrilete\"},\"image\":{\"@id\":\"https:\/\/www.quinchobarrilete.org.ni\/es\/#\/schema\/logo\/image\/\"},\"sameAs\":[\"https:\/\/www.facebook.com\/asociacionquinchobarrileteorg\/\",\"https:\/\/x.com\/aqbarrilete\"]},{\"@type\":\"Person\",\"@id\":\"https:\/\/www.quinchobarrilete.org.ni\/es\/#\/schema\/person\/44994a256bea95d432fc253b16914bbf\",\"name\":\"WebQuincho\",\"image\":{\"@type\":\"ImageObject\",\"inLanguage\":\"es\",\"@id\":\"https:\/\/www.quinchobarrilete.org.ni\/es\/#\/schema\/person\/image\/\",\"url\":\"https:\/\/secure.gravatar.com\/avatar\/94816127a9f3c0cd65e06d43d253c6ead978b56712f77d747a3092d5d775faaf?s=96&d=mm&r=g\",\"contentUrl\":\"https:\/\/secure.gravatar.com\/avatar\/94816127a9f3c0cd65e06d43d253c6ead978b56712f77d747a3092d5d775faaf?s=96&d=mm&r=g\",\"caption\":\"WebQuincho\"},\"sameAs\":[\"http:\/\/www.quinchobarrilete.org.ni\"],\"url\":\"https:\/\/www.quinchobarrilete.org.ni\/es\/author\/webquincho\/\"}]}<\/script>\n<!-- \/ Yoast SEO plugin. -->","yoast_head_json":{"title":"La prevenci\u00f3n del abuso sexual infantil: un compromiso de todos - Asociaci\u00f3n Quincho Barrilete","description":"El abuso sexual infantil es una realidad alarmante que afecta a millones de ni\u00f1os, ni\u00f1as y adolescentes en todo el mundo. Este problema no solo vulnera sus derechos fundamentales, tambi\u00e9n deja profundas secuelas emocionales y psicol\u00f3gicas que marcan su desarrollo. Es por ello que, cada 19 de noviembre, se conmemora el D\u00eda Mundial para la Prevenci\u00f3n del Abuso Sexual de Ni\u00f1os, Ni\u00f1as y Adolescentes, una fecha que nos invita a reflexionar y actuar para protegerlos.","robots":{"index":"index","follow":"follow","max-snippet":"max-snippet:-1","max-image-preview":"max-image-preview:large","max-video-preview":"max-video-preview:-1"},"canonical":"https:\/\/www.quinchobarrilete.org.ni\/es\/la-prevencion-del-abuso-sexual-infantil-un-compromiso-de-todos\/","og_locale":"es_ES","og_type":"article","og_title":"La prevenci\u00f3n del abuso sexual infantil: un compromiso de todos - Asociaci\u00f3n Quincho Barrilete","og_description":"El abuso sexual infantil es una realidad alarmante que afecta a millones de ni\u00f1os, ni\u00f1as y adolescentes en todo el mundo. Este problema no solo vulnera sus derechos fundamentales, tambi\u00e9n deja profundas secuelas emocionales y psicol\u00f3gicas que marcan su desarrollo. Es por ello que, cada 19 de noviembre, se conmemora el D\u00eda Mundial para la Prevenci\u00f3n del Abuso Sexual de Ni\u00f1os, Ni\u00f1as y Adolescentes, una fecha que nos invita a reflexionar y actuar para protegerlos.","og_url":"https:\/\/www.quinchobarrilete.org.ni\/es\/la-prevencion-del-abuso-sexual-infantil-un-compromiso-de-todos\/","og_site_name":"Asociaci\u00f3n Quincho Barrilete","article_publisher":"https:\/\/www.facebook.com\/asociacionquinchobarrileteorg\/","article_published_time":"2024-11-19T17:29:31+00:00","article_modified_time":"2024-11-19T17:29:33+00:00","og_image":[{"width":1216,"height":640,"url":"https:\/\/www.quinchobarrilete.org.ni\/wp-content\/uploads\/2024\/11\/alto-nino-nina.jpg","type":"image\/jpeg"}],"author":"WebQuincho","twitter_card":"summary_large_image","twitter_creator":"@aqbarrilete","twitter_site":"@aqbarrilete","twitter_misc":{"Escrito por":"WebQuincho","Tiempo de lectura":"2 minutos"},"schema":{"@context":"https:\/\/schema.org","@graph":[{"@type":"Article","@id":"https:\/\/www.quinchobarrilete.org.ni\/es\/la-prevencion-del-abuso-sexual-infantil-un-compromiso-de-todos\/#article","isPartOf":{"@id":"https:\/\/www.quinchobarrilete.org.ni\/es\/la-prevencion-del-abuso-sexual-infantil-un-compromiso-de-todos\/"},"author":{"name":"WebQuincho","@id":"https:\/\/www.quinchobarrilete.org.ni\/es\/#\/schema\/person\/44994a256bea95d432fc253b16914bbf"},"headline":"La prevenci\u00f3n del abuso sexual infantil: un compromiso de todos","datePublished":"2024-11-19T17:29:31+00:00","dateModified":"2024-11-19T17:29:33+00:00","mainEntityOfPage":{"@id":"https:\/\/www.quinchobarrilete.org.ni\/es\/la-prevencion-del-abuso-sexual-infantil-un-compromiso-de-todos\/"},"wordCount":393,"commentCount":0,"publisher":{"@id":"https:\/\/www.quinchobarrilete.org.ni\/es\/#organization"},"image":{"@id":"https:\/\/www.quinchobarrilete.org.ni\/es\/la-prevencion-del-abuso-sexual-infantil-un-compromiso-de-todos\/#primaryimage"},"thumbnailUrl":"https:\/\/www.quinchobarrilete.org.ni\/wp-content\/uploads\/2024\/11\/alto-nino-nina.jpg","keywords":["#familia","derechos"],"articleSection":["Art\u00edculos"],"inLanguage":"es","potentialAction":[{"@type":"CommentAction","name":"Comment","target":["https:\/\/www.quinchobarrilete.org.ni\/es\/la-prevencion-del-abuso-sexual-infantil-un-compromiso-de-todos\/#respond"]}]},{"@type":"WebPage","@id":"https:\/\/www.quinchobarrilete.org.ni\/es\/la-prevencion-del-abuso-sexual-infantil-un-compromiso-de-todos\/","url":"https:\/\/www.quinchobarrilete.org.ni\/es\/la-prevencion-del-abuso-sexual-infantil-un-compromiso-de-todos\/","name":"La prevenci\u00f3n del abuso sexual infantil: un compromiso de todos - Asociaci\u00f3n Quincho Barrilete","isPartOf":{"@id":"https:\/\/www.quinchobarrilete.org.ni\/es\/#website"},"primaryImageOfPage":{"@id":"https:\/\/www.quinchobarrilete.org.ni\/es\/la-prevencion-del-abuso-sexual-infantil-un-compromiso-de-todos\/#primaryimage"},"image":{"@id":"https:\/\/www.quinchobarrilete.org.ni\/es\/la-prevencion-del-abuso-sexual-infantil-un-compromiso-de-todos\/#primaryimage"},"thumbnailUrl":"https:\/\/www.quinchobarrilete.org.ni\/wp-content\/uploads\/2024\/11\/alto-nino-nina.jpg","datePublished":"2024-11-19T17:29:31+00:00","dateModified":"2024-11-19T17:29:33+00:00","description":"El abuso sexual infantil es una realidad alarmante que afecta a millones de ni\u00f1os, ni\u00f1as y adolescentes en todo el mundo. Este problema no solo vulnera sus derechos fundamentales, tambi\u00e9n deja profundas secuelas emocionales y psicol\u00f3gicas que marcan su desarrollo. Es por ello que, cada 19 de noviembre, se conmemora el D\u00eda Mundial para la Prevenci\u00f3n del Abuso Sexual de Ni\u00f1os, Ni\u00f1as y Adolescentes, una fecha que nos invita a reflexionar y actuar para protegerlos.","breadcrumb":{"@id":"https:\/\/www.quinchobarrilete.org.ni\/es\/la-prevencion-del-abuso-sexual-infantil-un-compromiso-de-todos\/#breadcrumb"},"inLanguage":"es","potentialAction":[{"@type":"ReadAction","target":["https:\/\/www.quinchobarrilete.org.ni\/es\/la-prevencion-del-abuso-sexual-infantil-un-compromiso-de-todos\/"]}]},{"@type":"ImageObject","inLanguage":"es","@id":"https:\/\/www.quinchobarrilete.org.ni\/es\/la-prevencion-del-abuso-sexual-infantil-un-compromiso-de-todos\/#primaryimage","url":"https:\/\/www.quinchobarrilete.org.ni\/wp-content\/uploads\/2024\/11\/alto-nino-nina.jpg","contentUrl":"https:\/\/www.quinchobarrilete.org.ni\/wp-content\/uploads\/2024\/11\/alto-nino-nina.jpg","width":1216,"height":640},{"@type":"BreadcrumbList","@id":"https:\/\/www.quinchobarrilete.org.ni\/es\/la-prevencion-del-abuso-sexual-infantil-un-compromiso-de-todos\/#breadcrumb","itemListElement":[{"@type":"ListItem","position":1,"name":"Portada","item":"https:\/\/www.quinchobarrilete.org.ni\/"},{"@type":"ListItem","position":2,"name":"La prevenci\u00f3n del abuso sexual infantil: un compromiso de todos"}]},{"@type":"WebSite","@id":"https:\/\/www.quinchobarrilete.org.ni\/es\/#website","url":"https:\/\/www.quinchobarrilete.org.ni\/es\/","name":"Asociaci\u00f3n Quincho Barrilete","description":"Una Organizaci\u00f3n no gubernamental sin fines de lucro","publisher":{"@id":"https:\/\/www.quinchobarrilete.org.ni\/es\/#organization"},"alternateName":"Quincho","potentialAction":[{"@type":"SearchAction","target":{"@type":"EntryPoint","urlTemplate":"https:\/\/www.quinchobarrilete.org.ni\/es\/?s={search_term_string}"},"query-input":{"@type":"PropertyValueSpecification","valueRequired":true,"valueName":"search_term_string"}}],"inLanguage":"es"},{"@type":"Organization","@id":"https:\/\/www.quinchobarrilete.org.ni\/es\/#organization","name":"Asociaci\u00f3n Quincho Barrilete","url":"https:\/\/www.quinchobarrilete.org.ni\/es\/","logo":{"@type":"ImageObject","inLanguage":"es","@id":"https:\/\/www.quinchobarrilete.org.ni\/es\/#\/schema\/logo\/image\/","url":"https:\/\/www.quinchobarrilete.org.ni\/wp-content\/uploads\/2025\/01\/logo-2025-33anos-2-removebg-preview.png","contentUrl":"https:\/\/www.quinchobarrilete.org.ni\/wp-content\/uploads\/2025\/01\/logo-2025-33anos-2-removebg-preview.png","width":500,"height":500,"caption":"Asociaci\u00f3n Quincho Barrilete"},"image":{"@id":"https:\/\/www.quinchobarrilete.org.ni\/es\/#\/schema\/logo\/image\/"},"sameAs":["https:\/\/www.facebook.com\/asociacionquinchobarrileteorg\/","https:\/\/x.com\/aqbarrilete"]},{"@type":"Person","@id":"https:\/\/www.quinchobarrilete.org.ni\/es\/#\/schema\/person\/44994a256bea95d432fc253b16914bbf","name":"WebQuincho","image":{"@type":"ImageObject","inLanguage":"es","@id":"https:\/\/www.quinchobarrilete.org.ni\/es\/#\/schema\/person\/image\/","url":"https:\/\/secure.gravatar.com\/avatar\/94816127a9f3c0cd65e06d43d253c6ead978b56712f77d747a3092d5d775faaf?s=96&d=mm&r=g","contentUrl":"https:\/\/secure.gravatar.com\/avatar\/94816127a9f3c0cd65e06d43d253c6ead978b56712f77d747a3092d5d775faaf?s=96&d=mm&r=g","caption":"WebQuincho"},"sameAs":["http:\/\/www.quinchobarrilete.org.ni"],"url":"https:\/\/www.quinchobarrilete.org.ni\/es\/author\/webquincho\/"}]}},"_links":{"self":[{"href":"https:\/\/www.quinchobarrilete.org.ni\/es\/wp-json\/wp\/v2\/posts\/4904","targetHints":{"allow":["GET"]}}],"collection":[{"href":"https:\/\/www.quinchobarrilete.org.ni\/es\/wp-json\/wp\/v2\/posts"}],"about":[{"href":"https:\/\/www.quinchobarrilete.org.ni\/es\/wp-json\/wp\/v2\/types\/post"}],"author":[{"embeddable":true,"href":"https:\/\/www.quinchobarrilete.org.ni\/es\/wp-json\/wp\/v2\/users\/1"}],"replies":[{"embeddable":true,"href":"https:\/\/www.quinchobarrilete.org.ni\/es\/wp-json\/wp\/v2\/comments?post=4904"}],"version-history":[{"count":1,"href":"https:\/\/www.quinchobarrilete.org.ni\/es\/wp-json\/wp\/v2\/posts\/4904\/revisions"}],"predecessor-version":[{"id":4907,"href":"https:\/\/www.quinchobarrilete.org.ni\/es\/wp-json\/wp\/v2\/posts\/4904\/revisions\/4907"}],"wp:featuredmedia":[{"embeddable":true,"href":"https:\/\/www.quinchobarrilete.org.ni\/es\/wp-json\/wp\/v2\/media\/4906"}],"wp:attachment":[{"href":"https:\/\/www.quinchobarrilete.org.ni\/es\/wp-json\/wp\/v2\/media?parent=4904"}],"wp:term":[{"taxonomy":"category","embeddable":true,"href":"https:\/\/www.quinchobarrilete.org.ni\/es\/wp-json\/wp\/v2\/categories?post=4904"},{"taxonomy":"post_tag","embeddable":true,"href":"https:\/\/www.quinchobarrilete.org.ni\/es\/wp-json\/wp\/v2\/tags?post=4904"}],"curies":[{"name":"wp","href":"https:\/\/api.w.org\/{rel}","templated":true}]}}