{"id":4897,"date":"2024-10-23T15:55:21","date_gmt":"2024-10-23T15:55:21","guid":{"rendered":"https:\/\/www.quinchobarrilete.org.ni\/?p=4897"},"modified":"2024-10-23T15:55:23","modified_gmt":"2024-10-23T15:55:23","slug":"el-cuidado-del-medio-ambiente-nuestro-planeta-nos-necesita","status":"publish","type":"post","link":"https:\/\/www.quinchobarrilete.org.ni\/es\/el-cuidado-del-medio-ambiente-nuestro-planeta-nos-necesita\/","title":{"rendered":"El Cuidado del Medio Ambiente: \u00a1Nuestro Planeta Nos Necesita!"},"content":{"rendered":"<div class=\"pdfprnt-buttons pdfprnt-buttons-post pdfprnt-top-bottom-left\"><a href=\"https:\/\/www.quinchobarrilete.org.ni\/es\/wp-json\/wp\/v2\/posts\/4897?print=pdf\" class=\"pdfprnt-button pdfprnt-button-pdf\" target=\"_blank\" ><span class=\"pdfprnt-button-title pdfprnt-button-pdf-title\">Descarga Art\u00edculo<\/span><\/a><a href=\"https:\/\/www.quinchobarrilete.org.ni\/es\/wp-json\/wp\/v2\/posts\/4897?print=print\" class=\"pdfprnt-button pdfprnt-button-print\" target=\"_blank\" ><img decoding=\"async\" src=\"https:\/\/www.quinchobarrilete.org.ni\/wp-content\/plugins\/pdf-print\/images\/print.png\" alt=\"image_print\" title=\"Imprimir contenido\" \/><\/a><\/div>\n<p>Hablar del cuidado del medio ambiente es un tema muy importante que los ni\u00f1os y ni\u00f1as deben de saber. Todos vivimos en un lugar muy especial llamado planeta Tierra, es como nuestra casa gigante, y al igual que cuidamos nuestras cosas en el hogar, debemos cuidar este planeta para que siga siendo un buen lugar donde vivir.<\/p>\n\n\n\n<p>Pero, <strong>\u00bfQu\u00e9 es el medio ambiente?<\/strong><\/p>\n\n\n\n<p>Es todo lo que nos rodea: el aire que respiramos, los \u00e1rboles que nos dan sombra y frutas, los animales que viven en los bosques, los r\u00edos donde corre el agua, y hasta el suelo por donde caminamos. Todo est\u00e1 conectado y tiene un papel importante.<\/p>\n\n\n\n<p>Ahora, imagina que nadie limpiara su cuarto. Con el tiempo se llenar\u00eda de basura y ser\u00eda dif\u00edcil encontrar las cosas. Lo mismo pasa con el planeta: si no lo cuidamos, se puede llenar de basura, la contaminaci\u00f3n puede da\u00f1ar el aire y el agua, y algunos animales y plantas pueden desaparecer.<\/p>\n\n\n\n<figure class=\"wp-block-image size-full\"><img fetchpriority=\"high\" decoding=\"async\" width=\"841\" height=\"473\" src=\"http:\/\/www.quinchobarrilete.org.ni\/wp-content\/uploads\/2024\/10\/Captura-de-pantalla-331.png\" alt=\"\" class=\"wp-image-4900\" srcset=\"https:\/\/www.quinchobarrilete.org.ni\/wp-content\/uploads\/2024\/10\/Captura-de-pantalla-331.png 841w, https:\/\/www.quinchobarrilete.org.ni\/wp-content\/uploads\/2024\/10\/Captura-de-pantalla-331-300x169.png 300w, https:\/\/www.quinchobarrilete.org.ni\/wp-content\/uploads\/2024\/10\/Captura-de-pantalla-331-768x432.png 768w, https:\/\/www.quinchobarrilete.org.ni\/wp-content\/uploads\/2024\/10\/Captura-de-pantalla-331-18x10.png 18w, https:\/\/www.quinchobarrilete.org.ni\/wp-content\/uploads\/2024\/10\/Captura-de-pantalla-331-600x337.png 600w\" sizes=\"(max-width: 841px) 100vw, 841px\" \/><\/figure>\n\n\n\n<p><strong>\u00bfC\u00f3mo podemos ayudar?<\/strong><\/p>\n\n\n\n<p>&#8211; No tirar basura en la calle o en los r\u00edos. Siempre usa un basurero.<\/p>\n\n\n\n<p>&#8211; Reciclar: algunas cosas, como el pl\u00e1stico o el papel, pueden ser usadas de nuevo para no desperdiciar recursos.<\/p>\n\n\n\n<p>&#8211; Plantar \u00e1rboles: los \u00e1rboles nos dan ox\u00edgeno, sombra y hogar para muchos animales.<\/p>\n\n\n\n<p>&#8211; Cuidar el agua: no dejar las llaves abiertas por mucho tiempo cuando no la necesitamos.<\/p>\n\n\n\n<p>&#8211; Usar menos energ\u00eda: apagar las luces o aparatos cuando no los estamos usando, porque la electricidad tambi\u00e9n viene de recursos naturales.<\/p>\n\n\n\n<p>El planeta nos da todo lo que necesitamos para vivir: comida, agua, aire limpio, y lugares hermosos para disfrutar. \u00a1Pero depende de nosotros mantenerlo sano y limpio!<\/p>\n\n\n\n<p>Cada peque\u00f1a acci\u00f3n cuenta. Cuando todos ayudamos, hacemos una gran diferencia para que el mundo siga siendo nuestro hogar y para los animales y plantas que tambi\u00e9n viven aqu\u00ed.<\/p>\n\n\n\n<p><strong>\u00a1Cuidemos juntos nuestro planeta!<\/strong><\/p>\n\n\n\n<p><\/p>\n<div class=\"pdfprnt-buttons pdfprnt-buttons-post pdfprnt-top-bottom-left\"><a href=\"https:\/\/www.quinchobarrilete.org.ni\/es\/wp-json\/wp\/v2\/posts\/4897?print=pdf\" class=\"pdfprnt-button pdfprnt-button-pdf\" target=\"_blank\" ><span class=\"pdfprnt-button-title pdfprnt-button-pdf-title\">Descarga Art\u00edculo<\/span><\/a><a href=\"https:\/\/www.quinchobarrilete.org.ni\/es\/wp-json\/wp\/v2\/posts\/4897?print=print\" class=\"pdfprnt-button pdfprnt-button-print\" target=\"_blank\" ><img decoding=\"async\" src=\"https:\/\/www.quinchobarrilete.org.ni\/wp-content\/plugins\/pdf-print\/images\/print.png\" alt=\"image_print\" title=\"Imprimir contenido\" \/><\/a><\/div>","protected":false},"excerpt":{"rendered":"<p>Hablar del cuidado del medio ambiente es un tema muy importante que los ni\u00f1os y ni\u00f1as deben de saber. Todos vivimos en un lugar muy especial llamado planeta Tierra, es como nuestra casa gigante, y al igual que cuidamos nuestras cosas en el hogar, debemos cuidar este planeta para que siga siendo un buen lugar donde vivir.<\/p>\n","protected":false},"author":1,"featured_media":4899,"comment_status":"open","ping_status":"open","sticky":false,"template":"","format":"standard","meta":{"footnotes":""},"categories":[1],"tags":[88,215,217,214,216],"class_list":["post-4897","post","type-post","status-publish","format-standard","has-post-thumbnail","hentry","category-vida","tag-educacion","tag-cuido-del-medio-ambiente","tag-educacion-ambiental","tag-medio-ambiente","tag-ninos-y-ambiente"],"yoast_head":"<!-- This site is optimized with the Yoast SEO plugin v27.1.1 - https:\/\/yoast.com\/product\/yoast-seo-wordpress\/ -->\n<title>El Cuidado del Medio Ambiente: \u00a1Nuestro Planeta Nos Necesita! - Asociaci\u00f3n Quincho Barrilete<\/title>\n<meta name=\"robots\" content=\"index, follow, max-snippet:-1, max-image-preview:large, max-video-preview:-1\" \/>\n<link rel=\"canonical\" href=\"https:\/\/www.quinchobarrilete.org.ni\/es\/el-cuidado-del-medio-ambiente-nuestro-planeta-nos-necesita\/\" \/>\n<meta property=\"og:locale\" content=\"es_ES\" \/>\n<meta property=\"og:type\" content=\"article\" \/>\n<meta property=\"og:title\" content=\"El Cuidado del Medio Ambiente: \u00a1Nuestro Planeta Nos Necesita! - Asociaci\u00f3n Quincho Barrilete\" \/>\n<meta property=\"og:description\" content=\"Hablar del cuidado del medio ambiente es un tema muy importante que los ni\u00f1os y ni\u00f1as deben de saber. Todos vivimos en un lugar muy especial llamado planeta Tierra, es como nuestra casa gigante, y al igual que cuidamos nuestras cosas en el hogar, debemos cuidar este planeta para que siga siendo un buen lugar donde vivir.\" \/>\n<meta property=\"og:url\" content=\"https:\/\/www.quinchobarrilete.org.ni\/es\/el-cuidado-del-medio-ambiente-nuestro-planeta-nos-necesita\/\" \/>\n<meta property=\"og:site_name\" content=\"Asociaci\u00f3n Quincho Barrilete\" \/>\n<meta property=\"article:publisher\" content=\"https:\/\/www.facebook.com\/asociacionquinchobarrileteorg\/\" \/>\n<meta property=\"article:published_time\" content=\"2024-10-23T15:55:21+00:00\" \/>\n<meta property=\"article:modified_time\" content=\"2024-10-23T15:55:23+00:00\" \/>\n<meta property=\"og:image\" content=\"https:\/\/www.quinchobarrilete.org.ni\/wp-content\/uploads\/2024\/10\/Captura-de-pantalla-330.png\" \/>\n\t<meta property=\"og:image:width\" content=\"1417\" \/>\n\t<meta property=\"og:image:height\" content=\"797\" \/>\n\t<meta property=\"og:image:type\" content=\"image\/png\" \/>\n<meta name=\"author\" content=\"WebQuincho\" \/>\n<meta name=\"twitter:card\" content=\"summary_large_image\" \/>\n<meta name=\"twitter:creator\" content=\"@aqbarrilete\" \/>\n<meta name=\"twitter:site\" content=\"@aqbarrilete\" \/>\n<meta name=\"twitter:label1\" content=\"Escrito por\" \/>\n\t<meta name=\"twitter:data1\" content=\"WebQuincho\" \/>\n\t<meta name=\"twitter:label2\" content=\"Tiempo de lectura\" \/>\n\t<meta name=\"twitter:data2\" content=\"2 minutos\" \/>\n<script type=\"application\/ld+json\" class=\"yoast-schema-graph\">{\"@context\":\"https:\/\/schema.org\",\"@graph\":[{\"@type\":\"Article\",\"@id\":\"https:\/\/www.quinchobarrilete.org.ni\/es\/el-cuidado-del-medio-ambiente-nuestro-planeta-nos-necesita\/#article\",\"isPartOf\":{\"@id\":\"https:\/\/www.quinchobarrilete.org.ni\/es\/el-cuidado-del-medio-ambiente-nuestro-planeta-nos-necesita\/\"},\"author\":{\"name\":\"WebQuincho\",\"@id\":\"https:\/\/www.quinchobarrilete.org.ni\/es\/#\/schema\/person\/44994a256bea95d432fc253b16914bbf\"},\"headline\":\"El Cuidado del Medio Ambiente: \u00a1Nuestro Planeta Nos Necesita!\",\"datePublished\":\"2024-10-23T15:55:21+00:00\",\"dateModified\":\"2024-10-23T15:55:23+00:00\",\"mainEntityOfPage\":{\"@id\":\"https:\/\/www.quinchobarrilete.org.ni\/es\/el-cuidado-del-medio-ambiente-nuestro-planeta-nos-necesita\/\"},\"wordCount\":335,\"commentCount\":0,\"publisher\":{\"@id\":\"https:\/\/www.quinchobarrilete.org.ni\/es\/#organization\"},\"image\":{\"@id\":\"https:\/\/www.quinchobarrilete.org.ni\/es\/el-cuidado-del-medio-ambiente-nuestro-planeta-nos-necesita\/#primaryimage\"},\"thumbnailUrl\":\"https:\/\/www.quinchobarrilete.org.ni\/wp-content\/uploads\/2024\/10\/Captura-de-pantalla-330.png\",\"keywords\":[\"#educacion\",\"cuido del medio ambiente\",\"educacion ambiental\",\"medio ambiente\",\"ni\u00f1os y ambiente\"],\"articleSection\":[\"Habilitaci\u00f3n para la vida\"],\"inLanguage\":\"es\",\"potentialAction\":[{\"@type\":\"CommentAction\",\"name\":\"Comment\",\"target\":[\"https:\/\/www.quinchobarrilete.org.ni\/es\/el-cuidado-del-medio-ambiente-nuestro-planeta-nos-necesita\/#respond\"]}]},{\"@type\":\"WebPage\",\"@id\":\"https:\/\/www.quinchobarrilete.org.ni\/es\/el-cuidado-del-medio-ambiente-nuestro-planeta-nos-necesita\/\",\"url\":\"https:\/\/www.quinchobarrilete.org.ni\/es\/el-cuidado-del-medio-ambiente-nuestro-planeta-nos-necesita\/\",\"name\":\"El Cuidado del Medio Ambiente: \u00a1Nuestro Planeta Nos Necesita! - Asociaci\u00f3n Quincho Barrilete\",\"isPartOf\":{\"@id\":\"https:\/\/www.quinchobarrilete.org.ni\/es\/#website\"},\"primaryImageOfPage\":{\"@id\":\"https:\/\/www.quinchobarrilete.org.ni\/es\/el-cuidado-del-medio-ambiente-nuestro-planeta-nos-necesita\/#primaryimage\"},\"image\":{\"@id\":\"https:\/\/www.quinchobarrilete.org.ni\/es\/el-cuidado-del-medio-ambiente-nuestro-planeta-nos-necesita\/#primaryimage\"},\"thumbnailUrl\":\"https:\/\/www.quinchobarrilete.org.ni\/wp-content\/uploads\/2024\/10\/Captura-de-pantalla-330.png\",\"datePublished\":\"2024-10-23T15:55:21+00:00\",\"dateModified\":\"2024-10-23T15:55:23+00:00\",\"breadcrumb\":{\"@id\":\"https:\/\/www.quinchobarrilete.org.ni\/es\/el-cuidado-del-medio-ambiente-nuestro-planeta-nos-necesita\/#breadcrumb\"},\"inLanguage\":\"es\",\"potentialAction\":[{\"@type\":\"ReadAction\",\"target\":[\"https:\/\/www.quinchobarrilete.org.ni\/es\/el-cuidado-del-medio-ambiente-nuestro-planeta-nos-necesita\/\"]}]},{\"@type\":\"ImageObject\",\"inLanguage\":\"es\",\"@id\":\"https:\/\/www.quinchobarrilete.org.ni\/es\/el-cuidado-del-medio-ambiente-nuestro-planeta-nos-necesita\/#primaryimage\",\"url\":\"https:\/\/www.quinchobarrilete.org.ni\/wp-content\/uploads\/2024\/10\/Captura-de-pantalla-330.png\",\"contentUrl\":\"https:\/\/www.quinchobarrilete.org.ni\/wp-content\/uploads\/2024\/10\/Captura-de-pantalla-330.png\",\"width\":1417,\"height\":797},{\"@type\":\"BreadcrumbList\",\"@id\":\"https:\/\/www.quinchobarrilete.org.ni\/es\/el-cuidado-del-medio-ambiente-nuestro-planeta-nos-necesita\/#breadcrumb\",\"itemListElement\":[{\"@type\":\"ListItem\",\"position\":1,\"name\":\"Portada\",\"item\":\"https:\/\/www.quinchobarrilete.org.ni\/\"},{\"@type\":\"ListItem\",\"position\":2,\"name\":\"El Cuidado del Medio Ambiente: \u00a1Nuestro Planeta Nos Necesita!\"}]},{\"@type\":\"WebSite\",\"@id\":\"https:\/\/www.quinchobarrilete.org.ni\/es\/#website\",\"url\":\"https:\/\/www.quinchobarrilete.org.ni\/es\/\",\"name\":\"Asociaci\u00f3n Quincho Barrilete\",\"description\":\"Una Organizaci\u00f3n no gubernamental sin fines de lucro\",\"publisher\":{\"@id\":\"https:\/\/www.quinchobarrilete.org.ni\/es\/#organization\"},\"alternateName\":\"Quincho\",\"potentialAction\":[{\"@type\":\"SearchAction\",\"target\":{\"@type\":\"EntryPoint\",\"urlTemplate\":\"https:\/\/www.quinchobarrilete.org.ni\/es\/?s={search_term_string}\"},\"query-input\":{\"@type\":\"PropertyValueSpecification\",\"valueRequired\":true,\"valueName\":\"search_term_string\"}}],\"inLanguage\":\"es\"},{\"@type\":\"Organization\",\"@id\":\"https:\/\/www.quinchobarrilete.org.ni\/es\/#organization\",\"name\":\"Asociaci\u00f3n Quincho Barrilete\",\"url\":\"https:\/\/www.quinchobarrilete.org.ni\/es\/\",\"logo\":{\"@type\":\"ImageObject\",\"inLanguage\":\"es\",\"@id\":\"https:\/\/www.quinchobarrilete.org.ni\/es\/#\/schema\/logo\/image\/\",\"url\":\"https:\/\/www.quinchobarrilete.org.ni\/wp-content\/uploads\/2025\/01\/logo-2025-33anos-2-removebg-preview.png\",\"contentUrl\":\"https:\/\/www.quinchobarrilete.org.ni\/wp-content\/uploads\/2025\/01\/logo-2025-33anos-2-removebg-preview.png\",\"width\":500,\"height\":500,\"caption\":\"Asociaci\u00f3n Quincho Barrilete\"},\"image\":{\"@id\":\"https:\/\/www.quinchobarrilete.org.ni\/es\/#\/schema\/logo\/image\/\"},\"sameAs\":[\"https:\/\/www.facebook.com\/asociacionquinchobarrileteorg\/\",\"https:\/\/x.com\/aqbarrilete\"]},{\"@type\":\"Person\",\"@id\":\"https:\/\/www.quinchobarrilete.org.ni\/es\/#\/schema\/person\/44994a256bea95d432fc253b16914bbf\",\"name\":\"WebQuincho\",\"image\":{\"@type\":\"ImageObject\",\"inLanguage\":\"es\",\"@id\":\"https:\/\/www.quinchobarrilete.org.ni\/es\/#\/schema\/person\/image\/\",\"url\":\"https:\/\/secure.gravatar.com\/avatar\/94816127a9f3c0cd65e06d43d253c6ead978b56712f77d747a3092d5d775faaf?s=96&d=mm&r=g\",\"contentUrl\":\"https:\/\/secure.gravatar.com\/avatar\/94816127a9f3c0cd65e06d43d253c6ead978b56712f77d747a3092d5d775faaf?s=96&d=mm&r=g\",\"caption\":\"WebQuincho\"},\"sameAs\":[\"http:\/\/www.quinchobarrilete.org.ni\"],\"url\":\"https:\/\/www.quinchobarrilete.org.ni\/es\/author\/webquincho\/\"}]}<\/script>\n<!-- \/ Yoast SEO plugin. -->","yoast_head_json":{"title":"El Cuidado del Medio Ambiente: \u00a1Nuestro Planeta Nos Necesita! - Asociaci\u00f3n Quincho Barrilete","robots":{"index":"index","follow":"follow","max-snippet":"max-snippet:-1","max-image-preview":"max-image-preview:large","max-video-preview":"max-video-preview:-1"},"canonical":"https:\/\/www.quinchobarrilete.org.ni\/es\/el-cuidado-del-medio-ambiente-nuestro-planeta-nos-necesita\/","og_locale":"es_ES","og_type":"article","og_title":"El Cuidado del Medio Ambiente: \u00a1Nuestro Planeta Nos Necesita! - Asociaci\u00f3n Quincho Barrilete","og_description":"Hablar del cuidado del medio ambiente es un tema muy importante que los ni\u00f1os y ni\u00f1as deben de saber. Todos vivimos en un lugar muy especial llamado planeta Tierra, es como nuestra casa gigante, y al igual que cuidamos nuestras cosas en el hogar, debemos cuidar este planeta para que siga siendo un buen lugar donde vivir.","og_url":"https:\/\/www.quinchobarrilete.org.ni\/es\/el-cuidado-del-medio-ambiente-nuestro-planeta-nos-necesita\/","og_site_name":"Asociaci\u00f3n Quincho Barrilete","article_publisher":"https:\/\/www.facebook.com\/asociacionquinchobarrileteorg\/","article_published_time":"2024-10-23T15:55:21+00:00","article_modified_time":"2024-10-23T15:55:23+00:00","og_image":[{"width":1417,"height":797,"url":"https:\/\/www.quinchobarrilete.org.ni\/wp-content\/uploads\/2024\/10\/Captura-de-pantalla-330.png","type":"image\/png"}],"author":"WebQuincho","twitter_card":"summary_large_image","twitter_creator":"@aqbarrilete","twitter_site":"@aqbarrilete","twitter_misc":{"Escrito por":"WebQuincho","Tiempo de lectura":"2 minutos"},"schema":{"@context":"https:\/\/schema.org","@graph":[{"@type":"Article","@id":"https:\/\/www.quinchobarrilete.org.ni\/es\/el-cuidado-del-medio-ambiente-nuestro-planeta-nos-necesita\/#article","isPartOf":{"@id":"https:\/\/www.quinchobarrilete.org.ni\/es\/el-cuidado-del-medio-ambiente-nuestro-planeta-nos-necesita\/"},"author":{"name":"WebQuincho","@id":"https:\/\/www.quinchobarrilete.org.ni\/es\/#\/schema\/person\/44994a256bea95d432fc253b16914bbf"},"headline":"El Cuidado del Medio Ambiente: \u00a1Nuestro Planeta Nos Necesita!","datePublished":"2024-10-23T15:55:21+00:00","dateModified":"2024-10-23T15:55:23+00:00","mainEntityOfPage":{"@id":"https:\/\/www.quinchobarrilete.org.ni\/es\/el-cuidado-del-medio-ambiente-nuestro-planeta-nos-necesita\/"},"wordCount":335,"commentCount":0,"publisher":{"@id":"https:\/\/www.quinchobarrilete.org.ni\/es\/#organization"},"image":{"@id":"https:\/\/www.quinchobarrilete.org.ni\/es\/el-cuidado-del-medio-ambiente-nuestro-planeta-nos-necesita\/#primaryimage"},"thumbnailUrl":"https:\/\/www.quinchobarrilete.org.ni\/wp-content\/uploads\/2024\/10\/Captura-de-pantalla-330.png","keywords":["#educacion","cuido del medio ambiente","educacion ambiental","medio ambiente","ni\u00f1os y ambiente"],"articleSection":["Habilitaci\u00f3n para la vida"],"inLanguage":"es","potentialAction":[{"@type":"CommentAction","name":"Comment","target":["https:\/\/www.quinchobarrilete.org.ni\/es\/el-cuidado-del-medio-ambiente-nuestro-planeta-nos-necesita\/#respond"]}]},{"@type":"WebPage","@id":"https:\/\/www.quinchobarrilete.org.ni\/es\/el-cuidado-del-medio-ambiente-nuestro-planeta-nos-necesita\/","url":"https:\/\/www.quinchobarrilete.org.ni\/es\/el-cuidado-del-medio-ambiente-nuestro-planeta-nos-necesita\/","name":"El Cuidado del Medio Ambiente: \u00a1Nuestro Planeta Nos Necesita! - Asociaci\u00f3n Quincho Barrilete","isPartOf":{"@id":"https:\/\/www.quinchobarrilete.org.ni\/es\/#website"},"primaryImageOfPage":{"@id":"https:\/\/www.quinchobarrilete.org.ni\/es\/el-cuidado-del-medio-ambiente-nuestro-planeta-nos-necesita\/#primaryimage"},"image":{"@id":"https:\/\/www.quinchobarrilete.org.ni\/es\/el-cuidado-del-medio-ambiente-nuestro-planeta-nos-necesita\/#primaryimage"},"thumbnailUrl":"https:\/\/www.quinchobarrilete.org.ni\/wp-content\/uploads\/2024\/10\/Captura-de-pantalla-330.png","datePublished":"2024-10-23T15:55:21+00:00","dateModified":"2024-10-23T15:55:23+00:00","breadcrumb":{"@id":"https:\/\/www.quinchobarrilete.org.ni\/es\/el-cuidado-del-medio-ambiente-nuestro-planeta-nos-necesita\/#breadcrumb"},"inLanguage":"es","potentialAction":[{"@type":"ReadAction","target":["https:\/\/www.quinchobarrilete.org.ni\/es\/el-cuidado-del-medio-ambiente-nuestro-planeta-nos-necesita\/"]}]},{"@type":"ImageObject","inLanguage":"es","@id":"https:\/\/www.quinchobarrilete.org.ni\/es\/el-cuidado-del-medio-ambiente-nuestro-planeta-nos-necesita\/#primaryimage","url":"https:\/\/www.quinchobarrilete.org.ni\/wp-content\/uploads\/2024\/10\/Captura-de-pantalla-330.png","contentUrl":"https:\/\/www.quinchobarrilete.org.ni\/wp-content\/uploads\/2024\/10\/Captura-de-pantalla-330.png","width":1417,"height":797},{"@type":"BreadcrumbList","@id":"https:\/\/www.quinchobarrilete.org.ni\/es\/el-cuidado-del-medio-ambiente-nuestro-planeta-nos-necesita\/#breadcrumb","itemListElement":[{"@type":"ListItem","position":1,"name":"Portada","item":"https:\/\/www.quinchobarrilete.org.ni\/"},{"@type":"ListItem","position":2,"name":"El Cuidado del Medio Ambiente: \u00a1Nuestro Planeta Nos Necesita!"}]},{"@type":"WebSite","@id":"https:\/\/www.quinchobarrilete.org.ni\/es\/#website","url":"https:\/\/www.quinchobarrilete.org.ni\/es\/","name":"Asociaci\u00f3n Quincho Barrilete","description":"Una Organizaci\u00f3n no gubernamental sin fines de lucro","publisher":{"@id":"https:\/\/www.quinchobarrilete.org.ni\/es\/#organization"},"alternateName":"Quincho","potentialAction":[{"@type":"SearchAction","target":{"@type":"EntryPoint","urlTemplate":"https:\/\/www.quinchobarrilete.org.ni\/es\/?s={search_term_string}"},"query-input":{"@type":"PropertyValueSpecification","valueRequired":true,"valueName":"search_term_string"}}],"inLanguage":"es"},{"@type":"Organization","@id":"https:\/\/www.quinchobarrilete.org.ni\/es\/#organization","name":"Asociaci\u00f3n Quincho Barrilete","url":"https:\/\/www.quinchobarrilete.org.ni\/es\/","logo":{"@type":"ImageObject","inLanguage":"es","@id":"https:\/\/www.quinchobarrilete.org.ni\/es\/#\/schema\/logo\/image\/","url":"https:\/\/www.quinchobarrilete.org.ni\/wp-content\/uploads\/2025\/01\/logo-2025-33anos-2-removebg-preview.png","contentUrl":"https:\/\/www.quinchobarrilete.org.ni\/wp-content\/uploads\/2025\/01\/logo-2025-33anos-2-removebg-preview.png","width":500,"height":500,"caption":"Asociaci\u00f3n Quincho Barrilete"},"image":{"@id":"https:\/\/www.quinchobarrilete.org.ni\/es\/#\/schema\/logo\/image\/"},"sameAs":["https:\/\/www.facebook.com\/asociacionquinchobarrileteorg\/","https:\/\/x.com\/aqbarrilete"]},{"@type":"Person","@id":"https:\/\/www.quinchobarrilete.org.ni\/es\/#\/schema\/person\/44994a256bea95d432fc253b16914bbf","name":"WebQuincho","image":{"@type":"ImageObject","inLanguage":"es","@id":"https:\/\/www.quinchobarrilete.org.ni\/es\/#\/schema\/person\/image\/","url":"https:\/\/secure.gravatar.com\/avatar\/94816127a9f3c0cd65e06d43d253c6ead978b56712f77d747a3092d5d775faaf?s=96&d=mm&r=g","contentUrl":"https:\/\/secure.gravatar.com\/avatar\/94816127a9f3c0cd65e06d43d253c6ead978b56712f77d747a3092d5d775faaf?s=96&d=mm&r=g","caption":"WebQuincho"},"sameAs":["http:\/\/www.quinchobarrilete.org.ni"],"url":"https:\/\/www.quinchobarrilete.org.ni\/es\/author\/webquincho\/"}]}},"_links":{"self":[{"href":"https:\/\/www.quinchobarrilete.org.ni\/es\/wp-json\/wp\/v2\/posts\/4897","targetHints":{"allow":["GET"]}}],"collection":[{"href":"https:\/\/www.quinchobarrilete.org.ni\/es\/wp-json\/wp\/v2\/posts"}],"about":[{"href":"https:\/\/www.quinchobarrilete.org.ni\/es\/wp-json\/wp\/v2\/types\/post"}],"author":[{"embeddable":true,"href":"https:\/\/www.quinchobarrilete.org.ni\/es\/wp-json\/wp\/v2\/users\/1"}],"replies":[{"embeddable":true,"href":"https:\/\/www.quinchobarrilete.org.ni\/es\/wp-json\/wp\/v2\/comments?post=4897"}],"version-history":[{"count":2,"href":"https:\/\/www.quinchobarrilete.org.ni\/es\/wp-json\/wp\/v2\/posts\/4897\/revisions"}],"predecessor-version":[{"id":4901,"href":"https:\/\/www.quinchobarrilete.org.ni\/es\/wp-json\/wp\/v2\/posts\/4897\/revisions\/4901"}],"wp:featuredmedia":[{"embeddable":true,"href":"https:\/\/www.quinchobarrilete.org.ni\/es\/wp-json\/wp\/v2\/media\/4899"}],"wp:attachment":[{"href":"https:\/\/www.quinchobarrilete.org.ni\/es\/wp-json\/wp\/v2\/media?parent=4897"}],"wp:term":[{"taxonomy":"category","embeddable":true,"href":"https:\/\/www.quinchobarrilete.org.ni\/es\/wp-json\/wp\/v2\/categories?post=4897"},{"taxonomy":"post_tag","embeddable":true,"href":"https:\/\/www.quinchobarrilete.org.ni\/es\/wp-json\/wp\/v2\/tags?post=4897"}],"curies":[{"name":"wp","href":"https:\/\/api.w.org\/{rel}","templated":true}]}}