{"id":1800,"date":"2022-03-02T16:06:36","date_gmt":"2022-03-02T16:06:36","guid":{"rendered":"https:\/\/www.quinchobarrilete.org.ni\/?p=1800"},"modified":"2023-09-28T15:49:07","modified_gmt":"2023-09-28T15:49:07","slug":"aqb-garantiza-el-derecho-a-la-salud","status":"publish","type":"post","link":"https:\/\/www.quinchobarrilete.org.ni\/es\/aqb-garantiza-el-derecho-a-la-salud\/","title":{"rendered":"LA SALUD VISUAL ES PRIORIDAD"},"content":{"rendered":"<div class=\"pdfprnt-buttons pdfprnt-buttons-post pdfprnt-top-bottom-left\"><a href=\"https:\/\/www.quinchobarrilete.org.ni\/es\/wp-json\/wp\/v2\/posts\/1800?print=pdf\" class=\"pdfprnt-button pdfprnt-button-pdf\" target=\"_blank\" ><span class=\"pdfprnt-button-title pdfprnt-button-pdf-title\">Descarga Art\u00edculo<\/span><\/a><a href=\"https:\/\/www.quinchobarrilete.org.ni\/es\/wp-json\/wp\/v2\/posts\/1800?print=print\" class=\"pdfprnt-button pdfprnt-button-print\" target=\"_blank\" ><img decoding=\"async\" src=\"https:\/\/www.quinchobarrilete.org.ni\/wp-content\/plugins\/pdf-print\/images\/print.png\" alt=\"image_print\" title=\"Imprimir contenido\" \/><\/a><\/div>\n<p>La Organizaci\u00f3n Mundial de la Salud (OMS), en un informe sobre la visi\u00f3n, detall\u00f3 que m\u00e1s de mil millones de personas en todo el mundo viven con deficiencia visual al no recibir la atenci\u00f3n primaria que necesitaron en afectaciones como la miop\u00eda, y la hipermetrop\u00eda.<\/p>\n\n\n\n<p>Tambi\u00e9n es alarmante la incidencia del glaucoma en ni\u00f1os por causas de hipertensi\u00f3n y diabetes. Como compromiso nuestro, el trabajo y apoyo a la ense\u00f1anza de nutrici\u00f3n adecuada, as\u00ed como la ingesta de la misma es parte del quehacer institucional.<\/p>\n\n\n\n<p>Atender en los ni\u00f1os y ni\u00f1as las enfermedades visuales es una prioridad, ayud\u00e1ndoles a superar las dificultades en su aprendizaje escolar, y el desarrollo normal de su vida.<\/p>\n\n\n\n<p>En esta ocasi\u00f3n se garantiz\u00f3 a trav\u00e9s de las atenciones m\u00e9dicas en centros oftalmol\u00f3gicos privados, en el que AQB asume gastos de consultas, medicamentos y lentes de medida como parte de su compromiso social.<\/p>\n\n\n\n<figure class=\"wp-block-gallery has-nested-images columns-default is-cropped wp-block-gallery-1 is-layout-flex wp-block-gallery-is-layout-flex\">\n<figure class=\"wp-block-image size-large is-style-default\"><img fetchpriority=\"high\" decoding=\"async\" width=\"594\" height=\"562\" data-id=\"1813\" src=\"https:\/\/www.quinchobarrilete.org.ni\/wp-content\/uploads\/2022\/03\/OF-2.jpg\" alt=\"\" class=\"wp-image-1813\" srcset=\"https:\/\/www.quinchobarrilete.org.ni\/wp-content\/uploads\/2022\/03\/OF-2.jpg 594w, https:\/\/www.quinchobarrilete.org.ni\/wp-content\/uploads\/2022\/03\/OF-2-300x284.jpg 300w, https:\/\/www.quinchobarrilete.org.ni\/wp-content\/uploads\/2022\/03\/OF-2-13x12.jpg 13w\" sizes=\"(max-width: 594px) 100vw, 594px\" \/><\/figure>\n<\/figure>\n\n\n\n\n<p>\u00a0<\/p>\n<p>\u00a0<\/p>\n<p>\u00a0<\/p>\n\n\n\n<p>\u00a0<\/p>\n<p>\u00a0<\/p>\n\n\n\n\n<\/p>\n<p>\n\n\n<\/p>\n\n\n<\/p>\n<p>\n\n\n<\/p>\n\n\n<\/p>\n<p>\n\n\n<\/p><div class=\"pdfprnt-buttons pdfprnt-buttons-post pdfprnt-top-bottom-left\"><a href=\"https:\/\/www.quinchobarrilete.org.ni\/es\/wp-json\/wp\/v2\/posts\/1800?print=pdf\" class=\"pdfprnt-button pdfprnt-button-pdf\" target=\"_blank\" ><span class=\"pdfprnt-button-title pdfprnt-button-pdf-title\">Descarga Art\u00edculo<\/span><\/a><a href=\"https:\/\/www.quinchobarrilete.org.ni\/es\/wp-json\/wp\/v2\/posts\/1800?print=print\" class=\"pdfprnt-button pdfprnt-button-print\" target=\"_blank\" ><img decoding=\"async\" src=\"https:\/\/www.quinchobarrilete.org.ni\/wp-content\/plugins\/pdf-print\/images\/print.png\" alt=\"image_print\" title=\"Imprimir contenido\" \/><\/a><\/div>","protected":false},"excerpt":{"rendered":"<p>La Organizaci\u00f3n Mundial de la Salud (OMS), en un informe sobre la visi\u00f3n, detall\u00f3 que m\u00e1s de mil millones de personas en todo el mundo viven con deficiencia visual al no recibir la atenci\u00f3n primaria que necesitaron en afectaciones como la miop\u00eda, y la hipermetrop\u00eda.<\/p>\n","protected":false},"author":1,"featured_media":1813,"comment_status":"open","ping_status":"open","sticky":false,"template":"","format":"image","meta":{"footnotes":""},"categories":[4,5],"tags":[],"class_list":["post-1800","post","type-post","status-publish","format-image","has-post-thumbnail","hentry","category-derechos","category-salud","post_format-post-format-image"],"yoast_head":"<!-- This site is optimized with the Yoast SEO plugin v27.1.1 - https:\/\/yoast.com\/product\/yoast-seo-wordpress\/ -->\n<title>LA SALUD VISUAL ES PRIORIDAD - Asociaci\u00f3n Quincho Barrilete<\/title>\n<meta name=\"robots\" content=\"index, follow, max-snippet:-1, max-image-preview:large, max-video-preview:-1\" \/>\n<link rel=\"canonical\" href=\"https:\/\/www.quinchobarrilete.org.ni\/es\/aqb-garantiza-el-derecho-a-la-salud\/\" \/>\n<meta property=\"og:locale\" content=\"es_ES\" \/>\n<meta property=\"og:type\" content=\"article\" \/>\n<meta property=\"og:title\" content=\"LA SALUD VISUAL ES PRIORIDAD - Asociaci\u00f3n Quincho Barrilete\" \/>\n<meta property=\"og:description\" content=\"La Organizaci\u00f3n Mundial de la Salud (OMS), en un informe sobre la visi\u00f3n, detall\u00f3 que m\u00e1s de mil millones de personas en todo el mundo viven con deficiencia visual al no recibir la atenci\u00f3n primaria que necesitaron en afectaciones como la miop\u00eda, y la hipermetrop\u00eda.\" \/>\n<meta property=\"og:url\" content=\"https:\/\/www.quinchobarrilete.org.ni\/es\/aqb-garantiza-el-derecho-a-la-salud\/\" \/>\n<meta property=\"og:site_name\" content=\"Asociaci\u00f3n Quincho Barrilete\" \/>\n<meta property=\"article:publisher\" content=\"https:\/\/www.facebook.com\/asociacionquinchobarrileteorg\/\" \/>\n<meta property=\"article:published_time\" content=\"2022-03-02T16:06:36+00:00\" \/>\n<meta property=\"article:modified_time\" content=\"2023-09-28T15:49:07+00:00\" \/>\n<meta property=\"og:image\" content=\"https:\/\/www.quinchobarrilete.org.ni\/wp-content\/uploads\/2022\/03\/OF-2.jpg\" \/>\n\t<meta property=\"og:image:width\" content=\"594\" \/>\n\t<meta property=\"og:image:height\" content=\"562\" \/>\n\t<meta property=\"og:image:type\" content=\"image\/jpeg\" \/>\n<meta name=\"author\" content=\"WebQuincho\" \/>\n<meta name=\"twitter:card\" content=\"summary_large_image\" \/>\n<meta name=\"twitter:creator\" content=\"@aqbarrilete\" \/>\n<meta name=\"twitter:site\" content=\"@aqbarrilete\" \/>\n<meta name=\"twitter:label1\" content=\"Escrito por\" \/>\n\t<meta name=\"twitter:data1\" content=\"WebQuincho\" \/>\n\t<meta name=\"twitter:label2\" content=\"Tiempo de lectura\" \/>\n\t<meta name=\"twitter:data2\" content=\"1 minuto\" \/>\n<script type=\"application\/ld+json\" class=\"yoast-schema-graph\">{\"@context\":\"https:\/\/schema.org\",\"@graph\":[{\"@type\":\"Article\",\"@id\":\"https:\/\/www.quinchobarrilete.org.ni\/ing\/aqb-garantiza-el-derecho-a-la-salud\/#article\",\"isPartOf\":{\"@id\":\"https:\/\/www.quinchobarrilete.org.ni\/ing\/aqb-garantiza-el-derecho-a-la-salud\/\"},\"author\":{\"name\":\"WebQuincho\",\"@id\":\"https:\/\/www.quinchobarrilete.org.ni\/es\/#\/schema\/person\/44994a256bea95d432fc253b16914bbf\"},\"headline\":\"LA SALUD VISUAL ES PRIORIDAD\",\"datePublished\":\"2022-03-02T16:06:36+00:00\",\"dateModified\":\"2023-09-28T15:49:07+00:00\",\"mainEntityOfPage\":{\"@id\":\"https:\/\/www.quinchobarrilete.org.ni\/ing\/aqb-garantiza-el-derecho-a-la-salud\/\"},\"wordCount\":170,\"commentCount\":0,\"publisher\":{\"@id\":\"https:\/\/www.quinchobarrilete.org.ni\/es\/#organization\"},\"image\":{\"@id\":\"https:\/\/www.quinchobarrilete.org.ni\/ing\/aqb-garantiza-el-derecho-a-la-salud\/#primaryimage\"},\"thumbnailUrl\":\"https:\/\/www.quinchobarrilete.org.ni\/wp-content\/uploads\/2022\/03\/OF-2.jpg\",\"articleSection\":[\"Derechos\",\"Salud\"],\"inLanguage\":\"es\",\"potentialAction\":[{\"@type\":\"CommentAction\",\"name\":\"Comment\",\"target\":[\"https:\/\/www.quinchobarrilete.org.ni\/ing\/aqb-garantiza-el-derecho-a-la-salud\/#respond\"]}]},{\"@type\":\"WebPage\",\"@id\":\"https:\/\/www.quinchobarrilete.org.ni\/ing\/aqb-garantiza-el-derecho-a-la-salud\/\",\"url\":\"https:\/\/www.quinchobarrilete.org.ni\/ing\/aqb-garantiza-el-derecho-a-la-salud\/\",\"name\":\"LA SALUD VISUAL ES PRIORIDAD - Asociaci\u00f3n Quincho Barrilete\",\"isPartOf\":{\"@id\":\"https:\/\/www.quinchobarrilete.org.ni\/es\/#website\"},\"primaryImageOfPage\":{\"@id\":\"https:\/\/www.quinchobarrilete.org.ni\/ing\/aqb-garantiza-el-derecho-a-la-salud\/#primaryimage\"},\"image\":{\"@id\":\"https:\/\/www.quinchobarrilete.org.ni\/ing\/aqb-garantiza-el-derecho-a-la-salud\/#primaryimage\"},\"thumbnailUrl\":\"https:\/\/www.quinchobarrilete.org.ni\/wp-content\/uploads\/2022\/03\/OF-2.jpg\",\"datePublished\":\"2022-03-02T16:06:36+00:00\",\"dateModified\":\"2023-09-28T15:49:07+00:00\",\"breadcrumb\":{\"@id\":\"https:\/\/www.quinchobarrilete.org.ni\/ing\/aqb-garantiza-el-derecho-a-la-salud\/#breadcrumb\"},\"inLanguage\":\"es\",\"potentialAction\":[{\"@type\":\"ReadAction\",\"target\":[\"https:\/\/www.quinchobarrilete.org.ni\/ing\/aqb-garantiza-el-derecho-a-la-salud\/\"]}]},{\"@type\":\"ImageObject\",\"inLanguage\":\"es\",\"@id\":\"https:\/\/www.quinchobarrilete.org.ni\/ing\/aqb-garantiza-el-derecho-a-la-salud\/#primaryimage\",\"url\":\"https:\/\/www.quinchobarrilete.org.ni\/wp-content\/uploads\/2022\/03\/OF-2.jpg\",\"contentUrl\":\"https:\/\/www.quinchobarrilete.org.ni\/wp-content\/uploads\/2022\/03\/OF-2.jpg\",\"width\":594,\"height\":562},{\"@type\":\"BreadcrumbList\",\"@id\":\"https:\/\/www.quinchobarrilete.org.ni\/ing\/aqb-garantiza-el-derecho-a-la-salud\/#breadcrumb\",\"itemListElement\":[{\"@type\":\"ListItem\",\"position\":1,\"name\":\"Portada\",\"item\":\"https:\/\/www.quinchobarrilete.org.ni\/\"},{\"@type\":\"ListItem\",\"position\":2,\"name\":\"LA SALUD VISUAL ES PRIORIDAD\"}]},{\"@type\":\"WebSite\",\"@id\":\"https:\/\/www.quinchobarrilete.org.ni\/es\/#website\",\"url\":\"https:\/\/www.quinchobarrilete.org.ni\/es\/\",\"name\":\"Asociaci\u00f3n Quincho Barrilete\",\"description\":\"Una Organizaci\u00f3n no gubernamental sin fines de lucro\",\"publisher\":{\"@id\":\"https:\/\/www.quinchobarrilete.org.ni\/es\/#organization\"},\"alternateName\":\"Quincho\",\"potentialAction\":[{\"@type\":\"SearchAction\",\"target\":{\"@type\":\"EntryPoint\",\"urlTemplate\":\"https:\/\/www.quinchobarrilete.org.ni\/es\/?s={search_term_string}\"},\"query-input\":{\"@type\":\"PropertyValueSpecification\",\"valueRequired\":true,\"valueName\":\"search_term_string\"}}],\"inLanguage\":\"es\"},{\"@type\":\"Organization\",\"@id\":\"https:\/\/www.quinchobarrilete.org.ni\/es\/#organization\",\"name\":\"Asociaci\u00f3n Quincho Barrilete\",\"url\":\"https:\/\/www.quinchobarrilete.org.ni\/es\/\",\"logo\":{\"@type\":\"ImageObject\",\"inLanguage\":\"es\",\"@id\":\"https:\/\/www.quinchobarrilete.org.ni\/es\/#\/schema\/logo\/image\/\",\"url\":\"https:\/\/www.quinchobarrilete.org.ni\/wp-content\/uploads\/2025\/01\/logo-2025-33anos-2-removebg-preview.png\",\"contentUrl\":\"https:\/\/www.quinchobarrilete.org.ni\/wp-content\/uploads\/2025\/01\/logo-2025-33anos-2-removebg-preview.png\",\"width\":500,\"height\":500,\"caption\":\"Asociaci\u00f3n Quincho Barrilete\"},\"image\":{\"@id\":\"https:\/\/www.quinchobarrilete.org.ni\/es\/#\/schema\/logo\/image\/\"},\"sameAs\":[\"https:\/\/www.facebook.com\/asociacionquinchobarrileteorg\/\",\"https:\/\/x.com\/aqbarrilete\"]},{\"@type\":\"Person\",\"@id\":\"https:\/\/www.quinchobarrilete.org.ni\/es\/#\/schema\/person\/44994a256bea95d432fc253b16914bbf\",\"name\":\"WebQuincho\",\"image\":{\"@type\":\"ImageObject\",\"inLanguage\":\"es\",\"@id\":\"https:\/\/www.quinchobarrilete.org.ni\/es\/#\/schema\/person\/image\/\",\"url\":\"https:\/\/secure.gravatar.com\/avatar\/94816127a9f3c0cd65e06d43d253c6ead978b56712f77d747a3092d5d775faaf?s=96&d=mm&r=g\",\"contentUrl\":\"https:\/\/secure.gravatar.com\/avatar\/94816127a9f3c0cd65e06d43d253c6ead978b56712f77d747a3092d5d775faaf?s=96&d=mm&r=g\",\"caption\":\"WebQuincho\"},\"sameAs\":[\"http:\/\/www.quinchobarrilete.org.ni\"],\"url\":\"https:\/\/www.quinchobarrilete.org.ni\/es\/author\/webquincho\/\"}]}<\/script>\n<!-- \/ Yoast SEO plugin. -->","yoast_head_json":{"title":"LA SALUD VISUAL ES PRIORIDAD - Asociaci\u00f3n Quincho Barrilete","robots":{"index":"index","follow":"follow","max-snippet":"max-snippet:-1","max-image-preview":"max-image-preview:large","max-video-preview":"max-video-preview:-1"},"canonical":"https:\/\/www.quinchobarrilete.org.ni\/es\/aqb-garantiza-el-derecho-a-la-salud\/","og_locale":"es_ES","og_type":"article","og_title":"LA SALUD VISUAL ES PRIORIDAD - Asociaci\u00f3n Quincho Barrilete","og_description":"La Organizaci\u00f3n Mundial de la Salud (OMS), en un informe sobre la visi\u00f3n, detall\u00f3 que m\u00e1s de mil millones de personas en todo el mundo viven con deficiencia visual al no recibir la atenci\u00f3n primaria que necesitaron en afectaciones como la miop\u00eda, y la hipermetrop\u00eda.","og_url":"https:\/\/www.quinchobarrilete.org.ni\/es\/aqb-garantiza-el-derecho-a-la-salud\/","og_site_name":"Asociaci\u00f3n Quincho Barrilete","article_publisher":"https:\/\/www.facebook.com\/asociacionquinchobarrileteorg\/","article_published_time":"2022-03-02T16:06:36+00:00","article_modified_time":"2023-09-28T15:49:07+00:00","og_image":[{"width":594,"height":562,"url":"https:\/\/www.quinchobarrilete.org.ni\/wp-content\/uploads\/2022\/03\/OF-2.jpg","type":"image\/jpeg"}],"author":"WebQuincho","twitter_card":"summary_large_image","twitter_creator":"@aqbarrilete","twitter_site":"@aqbarrilete","twitter_misc":{"Escrito por":"WebQuincho","Tiempo de lectura":"1 minuto"},"schema":{"@context":"https:\/\/schema.org","@graph":[{"@type":"Article","@id":"https:\/\/www.quinchobarrilete.org.ni\/ing\/aqb-garantiza-el-derecho-a-la-salud\/#article","isPartOf":{"@id":"https:\/\/www.quinchobarrilete.org.ni\/ing\/aqb-garantiza-el-derecho-a-la-salud\/"},"author":{"name":"WebQuincho","@id":"https:\/\/www.quinchobarrilete.org.ni\/es\/#\/schema\/person\/44994a256bea95d432fc253b16914bbf"},"headline":"LA SALUD VISUAL ES PRIORIDAD","datePublished":"2022-03-02T16:06:36+00:00","dateModified":"2023-09-28T15:49:07+00:00","mainEntityOfPage":{"@id":"https:\/\/www.quinchobarrilete.org.ni\/ing\/aqb-garantiza-el-derecho-a-la-salud\/"},"wordCount":170,"commentCount":0,"publisher":{"@id":"https:\/\/www.quinchobarrilete.org.ni\/es\/#organization"},"image":{"@id":"https:\/\/www.quinchobarrilete.org.ni\/ing\/aqb-garantiza-el-derecho-a-la-salud\/#primaryimage"},"thumbnailUrl":"https:\/\/www.quinchobarrilete.org.ni\/wp-content\/uploads\/2022\/03\/OF-2.jpg","articleSection":["Derechos","Salud"],"inLanguage":"es","potentialAction":[{"@type":"CommentAction","name":"Comment","target":["https:\/\/www.quinchobarrilete.org.ni\/ing\/aqb-garantiza-el-derecho-a-la-salud\/#respond"]}]},{"@type":"WebPage","@id":"https:\/\/www.quinchobarrilete.org.ni\/ing\/aqb-garantiza-el-derecho-a-la-salud\/","url":"https:\/\/www.quinchobarrilete.org.ni\/ing\/aqb-garantiza-el-derecho-a-la-salud\/","name":"LA SALUD VISUAL ES PRIORIDAD - Asociaci\u00f3n Quincho Barrilete","isPartOf":{"@id":"https:\/\/www.quinchobarrilete.org.ni\/es\/#website"},"primaryImageOfPage":{"@id":"https:\/\/www.quinchobarrilete.org.ni\/ing\/aqb-garantiza-el-derecho-a-la-salud\/#primaryimage"},"image":{"@id":"https:\/\/www.quinchobarrilete.org.ni\/ing\/aqb-garantiza-el-derecho-a-la-salud\/#primaryimage"},"thumbnailUrl":"https:\/\/www.quinchobarrilete.org.ni\/wp-content\/uploads\/2022\/03\/OF-2.jpg","datePublished":"2022-03-02T16:06:36+00:00","dateModified":"2023-09-28T15:49:07+00:00","breadcrumb":{"@id":"https:\/\/www.quinchobarrilete.org.ni\/ing\/aqb-garantiza-el-derecho-a-la-salud\/#breadcrumb"},"inLanguage":"es","potentialAction":[{"@type":"ReadAction","target":["https:\/\/www.quinchobarrilete.org.ni\/ing\/aqb-garantiza-el-derecho-a-la-salud\/"]}]},{"@type":"ImageObject","inLanguage":"es","@id":"https:\/\/www.quinchobarrilete.org.ni\/ing\/aqb-garantiza-el-derecho-a-la-salud\/#primaryimage","url":"https:\/\/www.quinchobarrilete.org.ni\/wp-content\/uploads\/2022\/03\/OF-2.jpg","contentUrl":"https:\/\/www.quinchobarrilete.org.ni\/wp-content\/uploads\/2022\/03\/OF-2.jpg","width":594,"height":562},{"@type":"BreadcrumbList","@id":"https:\/\/www.quinchobarrilete.org.ni\/ing\/aqb-garantiza-el-derecho-a-la-salud\/#breadcrumb","itemListElement":[{"@type":"ListItem","position":1,"name":"Portada","item":"https:\/\/www.quinchobarrilete.org.ni\/"},{"@type":"ListItem","position":2,"name":"LA SALUD VISUAL ES PRIORIDAD"}]},{"@type":"WebSite","@id":"https:\/\/www.quinchobarrilete.org.ni\/es\/#website","url":"https:\/\/www.quinchobarrilete.org.ni\/es\/","name":"Asociaci\u00f3n Quincho Barrilete","description":"Una Organizaci\u00f3n no gubernamental sin fines de lucro","publisher":{"@id":"https:\/\/www.quinchobarrilete.org.ni\/es\/#organization"},"alternateName":"Quincho","potentialAction":[{"@type":"SearchAction","target":{"@type":"EntryPoint","urlTemplate":"https:\/\/www.quinchobarrilete.org.ni\/es\/?s={search_term_string}"},"query-input":{"@type":"PropertyValueSpecification","valueRequired":true,"valueName":"search_term_string"}}],"inLanguage":"es"},{"@type":"Organization","@id":"https:\/\/www.quinchobarrilete.org.ni\/es\/#organization","name":"Asociaci\u00f3n Quincho Barrilete","url":"https:\/\/www.quinchobarrilete.org.ni\/es\/","logo":{"@type":"ImageObject","inLanguage":"es","@id":"https:\/\/www.quinchobarrilete.org.ni\/es\/#\/schema\/logo\/image\/","url":"https:\/\/www.quinchobarrilete.org.ni\/wp-content\/uploads\/2025\/01\/logo-2025-33anos-2-removebg-preview.png","contentUrl":"https:\/\/www.quinchobarrilete.org.ni\/wp-content\/uploads\/2025\/01\/logo-2025-33anos-2-removebg-preview.png","width":500,"height":500,"caption":"Asociaci\u00f3n Quincho Barrilete"},"image":{"@id":"https:\/\/www.quinchobarrilete.org.ni\/es\/#\/schema\/logo\/image\/"},"sameAs":["https:\/\/www.facebook.com\/asociacionquinchobarrileteorg\/","https:\/\/x.com\/aqbarrilete"]},{"@type":"Person","@id":"https:\/\/www.quinchobarrilete.org.ni\/es\/#\/schema\/person\/44994a256bea95d432fc253b16914bbf","name":"WebQuincho","image":{"@type":"ImageObject","inLanguage":"es","@id":"https:\/\/www.quinchobarrilete.org.ni\/es\/#\/schema\/person\/image\/","url":"https:\/\/secure.gravatar.com\/avatar\/94816127a9f3c0cd65e06d43d253c6ead978b56712f77d747a3092d5d775faaf?s=96&d=mm&r=g","contentUrl":"https:\/\/secure.gravatar.com\/avatar\/94816127a9f3c0cd65e06d43d253c6ead978b56712f77d747a3092d5d775faaf?s=96&d=mm&r=g","caption":"WebQuincho"},"sameAs":["http:\/\/www.quinchobarrilete.org.ni"],"url":"https:\/\/www.quinchobarrilete.org.ni\/es\/author\/webquincho\/"}]}},"_links":{"self":[{"href":"https:\/\/www.quinchobarrilete.org.ni\/es\/wp-json\/wp\/v2\/posts\/1800","targetHints":{"allow":["GET"]}}],"collection":[{"href":"https:\/\/www.quinchobarrilete.org.ni\/es\/wp-json\/wp\/v2\/posts"}],"about":[{"href":"https:\/\/www.quinchobarrilete.org.ni\/es\/wp-json\/wp\/v2\/types\/post"}],"author":[{"embeddable":true,"href":"https:\/\/www.quinchobarrilete.org.ni\/es\/wp-json\/wp\/v2\/users\/1"}],"replies":[{"embeddable":true,"href":"https:\/\/www.quinchobarrilete.org.ni\/es\/wp-json\/wp\/v2\/comments?post=1800"}],"version-history":[{"count":0,"href":"https:\/\/www.quinchobarrilete.org.ni\/es\/wp-json\/wp\/v2\/posts\/1800\/revisions"}],"wp:featuredmedia":[{"embeddable":true,"href":"https:\/\/www.quinchobarrilete.org.ni\/es\/wp-json\/wp\/v2\/media\/1813"}],"wp:attachment":[{"href":"https:\/\/www.quinchobarrilete.org.ni\/es\/wp-json\/wp\/v2\/media?parent=1800"}],"wp:term":[{"taxonomy":"category","embeddable":true,"href":"https:\/\/www.quinchobarrilete.org.ni\/es\/wp-json\/wp\/v2\/categories?post=1800"},{"taxonomy":"post_tag","embeddable":true,"href":"https:\/\/www.quinchobarrilete.org.ni\/es\/wp-json\/wp\/v2\/tags?post=1800"}],"curies":[{"name":"wp","href":"https:\/\/api.w.org\/{rel}","templated":true}]}}