{"id":1793,"date":"2022-03-01T21:21:27","date_gmt":"2022-03-01T21:21:27","guid":{"rendered":"https:\/\/www.quinchobarrilete.org.ni\/?p=1793"},"modified":"2023-09-29T16:19:22","modified_gmt":"2023-09-29T16:19:22","slug":"primera-entrega-de-utiles-escolares-y-calzado-a-nna-2022","status":"publish","type":"post","link":"https:\/\/www.quinchobarrilete.org.ni\/es\/primera-entrega-de-utiles-escolares-y-calzado-a-nna-2022\/","title":{"rendered":"\u00daTILES ESCOLARES Y CALZADO ENTREGADOS EN LA ASOCIACI\u00d3N QUINCHO BARRILETE 2022"},"content":{"rendered":"<div class=\"pdfprnt-buttons pdfprnt-buttons-post pdfprnt-top-bottom-left\"><a href=\"https:\/\/www.quinchobarrilete.org.ni\/es\/wp-json\/wp\/v2\/posts\/1793?print=pdf\" class=\"pdfprnt-button pdfprnt-button-pdf\" target=\"_blank\" ><span class=\"pdfprnt-button-title pdfprnt-button-pdf-title\">Descarga Art\u00edculo<\/span><\/a><a href=\"https:\/\/www.quinchobarrilete.org.ni\/es\/wp-json\/wp\/v2\/posts\/1793?print=print\" class=\"pdfprnt-button pdfprnt-button-print\" target=\"_blank\" ><img decoding=\"async\" src=\"https:\/\/www.quinchobarrilete.org.ni\/wp-content\/plugins\/pdf-print\/images\/print.png\" alt=\"image_print\" title=\"Imprimir contenido\" \/><\/a><\/div>\n<p>Se benefici\u00f3 a la poblaci\u00f3n meta, con paquetes de \u00fatiles escolares, en los centros de atenci\u00f3n comunitaria en los que AQB tiene presencia como son los barrios 18 de Mayo, Milagro de Dios y Costa Rica, ciudad de Managua.<\/p>\n\n\n\n<p>En los paquetes escolares se encontraban 17 art\u00edculos que inclu\u00eda mochila, cuadernos, block, l\u00e1pices de colores, estuche geom\u00e9trico, lapiceros entre otros materiales que vienen a contribuir al gasto de padres de familia y\/o referentes afectivos con escasos recursos.<\/p>\n\n\n\n<p>Este beneficio se hace dos veces al a\u00f1o y forma parte de las distintas acciones que esta asociaci\u00f3n ejecuta para continuar trabajando por el bienestar y superaci\u00f3n de Ni\u00f1os, Ni\u00f1as y Adolescentes en riesgo y\/o v\u00edctimas de violencia.<\/p>\n\n\n\n<p>De la misma forma tenemos programado entregar a todos los NNA uniformes y zapatos escolares.<\/p>\n\n\n\n<figure class=\"wp-block-gallery has-nested-images columns-default is-cropped wp-block-gallery-1 is-layout-flex wp-block-gallery-is-layout-flex\">\n<figure class=\"wp-block-image size-large is-style-default\"><img decoding=\"async\" data-id=\"1781\" src=\"http:\/\/www.quinchobarrilete.org.ni\/wp-content\/uploads\/2022\/03\/WhatsApp-Image-2022-02-02-at-1.15.24-PM.jpeg\" alt=\"\" class=\"wp-image-1781\"\/><\/figure>\n\n\n\n<figure class=\"wp-block-image size-large is-style-default\"><img decoding=\"async\" data-id=\"1754\" src=\"http:\/\/www.quinchobarrilete.org.ni\/wp-content\/uploads\/2022\/02\/IMG_2193_view-scaled.jpg\" alt=\"\" class=\"wp-image-1754\"\/><\/figure>\n\n\n\n<figure class=\"wp-block-image size-large is-style-default\"><img decoding=\"async\" data-id=\"1746\" src=\"http:\/\/www.quinchobarrilete.org.ni\/wp-content\/uploads\/2022\/02\/20220203_103637_resized-scaled.jpg\" alt=\"\" class=\"wp-image-1746\"\/><\/figure>\n\n\n\n<figure class=\"wp-block-image size-large is-style-default\"><img decoding=\"async\" data-id=\"1743\" src=\"http:\/\/www.quinchobarrilete.org.ni\/wp-content\/uploads\/2022\/02\/IMG_2189_view-scaled.jpg\" alt=\"\" class=\"wp-image-1743\"\/><\/figure>\n\n\n\n<figure class=\"wp-block-image size-large is-style-default\"><img decoding=\"async\" data-id=\"1739\" src=\"http:\/\/www.quinchobarrilete.org.ni\/wp-content\/uploads\/2022\/02\/descarga-11.jpg\" alt=\"\" class=\"wp-image-1739\"\/><\/figure>\n<\/figure>\n<div class=\"pdfprnt-buttons pdfprnt-buttons-post pdfprnt-top-bottom-left\"><a href=\"https:\/\/www.quinchobarrilete.org.ni\/es\/wp-json\/wp\/v2\/posts\/1793?print=pdf\" class=\"pdfprnt-button pdfprnt-button-pdf\" target=\"_blank\" ><span class=\"pdfprnt-button-title pdfprnt-button-pdf-title\">Descarga Art\u00edculo<\/span><\/a><a href=\"https:\/\/www.quinchobarrilete.org.ni\/es\/wp-json\/wp\/v2\/posts\/1793?print=print\" class=\"pdfprnt-button pdfprnt-button-print\" target=\"_blank\" ><img decoding=\"async\" src=\"https:\/\/www.quinchobarrilete.org.ni\/wp-content\/plugins\/pdf-print\/images\/print.png\" alt=\"image_print\" title=\"Imprimir contenido\" \/><\/a><\/div>","protected":false},"excerpt":{"rendered":"<p>La donaci\u00f3n del paquete escolar se hace dos veces al a\u00f1o y forma parte de las distintas acciones que la Asociaci\u00f3n Quincho Barrilete (AQB) ejecuta para continuar trabajando por el bienestar e integraci\u00f3n de Ni\u00f1os, Ni\u00f1as y Adolescentes (NNA) en riesgo.<\/p>\n","protected":false},"author":1,"featured_media":0,"comment_status":"open","ping_status":"open","sticky":false,"template":"","format":"standard","meta":{"footnotes":""},"categories":[4],"tags":[],"class_list":["post-1793","post","type-post","status-publish","format-standard","hentry","category-derechos"],"yoast_head":"<!-- This site is optimized with the Yoast SEO plugin v27.1.1 - https:\/\/yoast.com\/product\/yoast-seo-wordpress\/ -->\n<title>\u00daTILES ESCOLARES Y CALZADO ENTREGADOS EN LA ASOCIACI\u00d3N QUINCHO BARRILETE 2022 - Asociaci\u00f3n Quincho Barrilete<\/title>\n<meta name=\"robots\" content=\"index, follow, max-snippet:-1, max-image-preview:large, max-video-preview:-1\" \/>\n<link rel=\"canonical\" href=\"https:\/\/www.quinchobarrilete.org.ni\/es\/primera-entrega-de-utiles-escolares-y-calzado-a-nna-2022\/\" \/>\n<meta property=\"og:locale\" content=\"es_ES\" \/>\n<meta property=\"og:type\" content=\"article\" \/>\n<meta property=\"og:title\" content=\"\u00daTILES ESCOLARES Y CALZADO ENTREGADOS EN LA ASOCIACI\u00d3N QUINCHO BARRILETE 2022 - Asociaci\u00f3n Quincho Barrilete\" \/>\n<meta property=\"og:description\" content=\"La donaci\u00f3n del paquete escolar se hace dos veces al a\u00f1o y forma parte de las distintas acciones que la Asociaci\u00f3n Quincho Barrilete (AQB) ejecuta para continuar trabajando por el bienestar e integraci\u00f3n de Ni\u00f1os, Ni\u00f1as y Adolescentes (NNA) en riesgo.\" \/>\n<meta property=\"og:url\" content=\"https:\/\/www.quinchobarrilete.org.ni\/es\/primera-entrega-de-utiles-escolares-y-calzado-a-nna-2022\/\" \/>\n<meta property=\"og:site_name\" content=\"Asociaci\u00f3n Quincho Barrilete\" \/>\n<meta property=\"article:publisher\" content=\"https:\/\/www.facebook.com\/asociacionquinchobarrileteorg\/\" \/>\n<meta property=\"article:published_time\" content=\"2022-03-01T21:21:27+00:00\" \/>\n<meta property=\"article:modified_time\" content=\"2023-09-29T16:19:22+00:00\" \/>\n<meta property=\"og:image\" content=\"http:\/\/www.quinchobarrilete.org.ni\/wp-content\/uploads\/2022\/03\/WhatsApp-Image-2022-02-02-at-1.15.24-PM.jpeg\" \/>\n<meta name=\"author\" content=\"WebQuincho\" \/>\n<meta name=\"twitter:card\" content=\"summary_large_image\" \/>\n<meta name=\"twitter:creator\" content=\"@aqbarrilete\" \/>\n<meta name=\"twitter:site\" content=\"@aqbarrilete\" \/>\n<meta name=\"twitter:label1\" content=\"Escrito por\" \/>\n\t<meta name=\"twitter:data1\" content=\"WebQuincho\" \/>\n\t<meta name=\"twitter:label2\" content=\"Tiempo de lectura\" \/>\n\t<meta name=\"twitter:data2\" content=\"1 minuto\" \/>\n<script type=\"application\/ld+json\" class=\"yoast-schema-graph\">{\"@context\":\"https:\/\/schema.org\",\"@graph\":[{\"@type\":\"Article\",\"@id\":\"https:\/\/www.quinchobarrilete.org.ni\/es\/primera-entrega-de-utiles-escolares-y-calzado-a-nna-2022\/#article\",\"isPartOf\":{\"@id\":\"https:\/\/www.quinchobarrilete.org.ni\/es\/primera-entrega-de-utiles-escolares-y-calzado-a-nna-2022\/\"},\"author\":{\"name\":\"WebQuincho\",\"@id\":\"https:\/\/www.quinchobarrilete.org.ni\/es\/#\/schema\/person\/44994a256bea95d432fc253b16914bbf\"},\"headline\":\"\u00daTILES ESCOLARES Y CALZADO ENTREGADOS EN LA ASOCIACI\u00d3N QUINCHO BARRILETE 2022\",\"datePublished\":\"2022-03-01T21:21:27+00:00\",\"dateModified\":\"2023-09-29T16:19:22+00:00\",\"mainEntityOfPage\":{\"@id\":\"https:\/\/www.quinchobarrilete.org.ni\/es\/primera-entrega-de-utiles-escolares-y-calzado-a-nna-2022\/\"},\"wordCount\":153,\"commentCount\":0,\"publisher\":{\"@id\":\"https:\/\/www.quinchobarrilete.org.ni\/es\/#organization\"},\"image\":{\"@id\":\"https:\/\/www.quinchobarrilete.org.ni\/es\/primera-entrega-de-utiles-escolares-y-calzado-a-nna-2022\/#primaryimage\"},\"thumbnailUrl\":\"http:\/\/www.quinchobarrilete.org.ni\/wp-content\/uploads\/2022\/03\/WhatsApp-Image-2022-02-02-at-1.15.24-PM.jpeg\",\"articleSection\":[\"Derechos\"],\"inLanguage\":\"es\",\"potentialAction\":[{\"@type\":\"CommentAction\",\"name\":\"Comment\",\"target\":[\"https:\/\/www.quinchobarrilete.org.ni\/es\/primera-entrega-de-utiles-escolares-y-calzado-a-nna-2022\/#respond\"]}]},{\"@type\":\"WebPage\",\"@id\":\"https:\/\/www.quinchobarrilete.org.ni\/es\/primera-entrega-de-utiles-escolares-y-calzado-a-nna-2022\/\",\"url\":\"https:\/\/www.quinchobarrilete.org.ni\/es\/primera-entrega-de-utiles-escolares-y-calzado-a-nna-2022\/\",\"name\":\"\u00daTILES ESCOLARES Y CALZADO ENTREGADOS EN LA ASOCIACI\u00d3N QUINCHO BARRILETE 2022 - Asociaci\u00f3n Quincho Barrilete\",\"isPartOf\":{\"@id\":\"https:\/\/www.quinchobarrilete.org.ni\/es\/#website\"},\"primaryImageOfPage\":{\"@id\":\"https:\/\/www.quinchobarrilete.org.ni\/es\/primera-entrega-de-utiles-escolares-y-calzado-a-nna-2022\/#primaryimage\"},\"image\":{\"@id\":\"https:\/\/www.quinchobarrilete.org.ni\/es\/primera-entrega-de-utiles-escolares-y-calzado-a-nna-2022\/#primaryimage\"},\"thumbnailUrl\":\"http:\/\/www.quinchobarrilete.org.ni\/wp-content\/uploads\/2022\/03\/WhatsApp-Image-2022-02-02-at-1.15.24-PM.jpeg\",\"datePublished\":\"2022-03-01T21:21:27+00:00\",\"dateModified\":\"2023-09-29T16:19:22+00:00\",\"breadcrumb\":{\"@id\":\"https:\/\/www.quinchobarrilete.org.ni\/es\/primera-entrega-de-utiles-escolares-y-calzado-a-nna-2022\/#breadcrumb\"},\"inLanguage\":\"es\",\"potentialAction\":[{\"@type\":\"ReadAction\",\"target\":[\"https:\/\/www.quinchobarrilete.org.ni\/es\/primera-entrega-de-utiles-escolares-y-calzado-a-nna-2022\/\"]}]},{\"@type\":\"ImageObject\",\"inLanguage\":\"es\",\"@id\":\"https:\/\/www.quinchobarrilete.org.ni\/es\/primera-entrega-de-utiles-escolares-y-calzado-a-nna-2022\/#primaryimage\",\"url\":\"http:\/\/www.quinchobarrilete.org.ni\/wp-content\/uploads\/2022\/03\/WhatsApp-Image-2022-02-02-at-1.15.24-PM.jpeg\",\"contentUrl\":\"http:\/\/www.quinchobarrilete.org.ni\/wp-content\/uploads\/2022\/03\/WhatsApp-Image-2022-02-02-at-1.15.24-PM.jpeg\"},{\"@type\":\"BreadcrumbList\",\"@id\":\"https:\/\/www.quinchobarrilete.org.ni\/es\/primera-entrega-de-utiles-escolares-y-calzado-a-nna-2022\/#breadcrumb\",\"itemListElement\":[{\"@type\":\"ListItem\",\"position\":1,\"name\":\"Portada\",\"item\":\"https:\/\/www.quinchobarrilete.org.ni\/\"},{\"@type\":\"ListItem\",\"position\":2,\"name\":\"\u00daTILES ESCOLARES Y CALZADO ENTREGADOS EN LA ASOCIACI\u00d3N QUINCHO BARRILETE 2022\"}]},{\"@type\":\"WebSite\",\"@id\":\"https:\/\/www.quinchobarrilete.org.ni\/es\/#website\",\"url\":\"https:\/\/www.quinchobarrilete.org.ni\/es\/\",\"name\":\"Asociaci\u00f3n Quincho Barrilete\",\"description\":\"Una Organizaci\u00f3n no gubernamental sin fines de lucro\",\"publisher\":{\"@id\":\"https:\/\/www.quinchobarrilete.org.ni\/es\/#organization\"},\"alternateName\":\"Quincho\",\"potentialAction\":[{\"@type\":\"SearchAction\",\"target\":{\"@type\":\"EntryPoint\",\"urlTemplate\":\"https:\/\/www.quinchobarrilete.org.ni\/es\/?s={search_term_string}\"},\"query-input\":{\"@type\":\"PropertyValueSpecification\",\"valueRequired\":true,\"valueName\":\"search_term_string\"}}],\"inLanguage\":\"es\"},{\"@type\":\"Organization\",\"@id\":\"https:\/\/www.quinchobarrilete.org.ni\/es\/#organization\",\"name\":\"Asociaci\u00f3n Quincho Barrilete\",\"url\":\"https:\/\/www.quinchobarrilete.org.ni\/es\/\",\"logo\":{\"@type\":\"ImageObject\",\"inLanguage\":\"es\",\"@id\":\"https:\/\/www.quinchobarrilete.org.ni\/es\/#\/schema\/logo\/image\/\",\"url\":\"https:\/\/www.quinchobarrilete.org.ni\/wp-content\/uploads\/2025\/01\/logo-2025-33anos-2-removebg-preview.png\",\"contentUrl\":\"https:\/\/www.quinchobarrilete.org.ni\/wp-content\/uploads\/2025\/01\/logo-2025-33anos-2-removebg-preview.png\",\"width\":500,\"height\":500,\"caption\":\"Asociaci\u00f3n Quincho Barrilete\"},\"image\":{\"@id\":\"https:\/\/www.quinchobarrilete.org.ni\/es\/#\/schema\/logo\/image\/\"},\"sameAs\":[\"https:\/\/www.facebook.com\/asociacionquinchobarrileteorg\/\",\"https:\/\/x.com\/aqbarrilete\"]},{\"@type\":\"Person\",\"@id\":\"https:\/\/www.quinchobarrilete.org.ni\/es\/#\/schema\/person\/44994a256bea95d432fc253b16914bbf\",\"name\":\"WebQuincho\",\"image\":{\"@type\":\"ImageObject\",\"inLanguage\":\"es\",\"@id\":\"https:\/\/www.quinchobarrilete.org.ni\/es\/#\/schema\/person\/image\/\",\"url\":\"https:\/\/secure.gravatar.com\/avatar\/94816127a9f3c0cd65e06d43d253c6ead978b56712f77d747a3092d5d775faaf?s=96&d=mm&r=g\",\"contentUrl\":\"https:\/\/secure.gravatar.com\/avatar\/94816127a9f3c0cd65e06d43d253c6ead978b56712f77d747a3092d5d775faaf?s=96&d=mm&r=g\",\"caption\":\"WebQuincho\"},\"sameAs\":[\"http:\/\/www.quinchobarrilete.org.ni\"],\"url\":\"https:\/\/www.quinchobarrilete.org.ni\/es\/author\/webquincho\/\"}]}<\/script>\n<!-- \/ Yoast SEO plugin. -->","yoast_head_json":{"title":"\u00daTILES ESCOLARES Y CALZADO ENTREGADOS EN LA ASOCIACI\u00d3N QUINCHO BARRILETE 2022 - Asociaci\u00f3n Quincho Barrilete","robots":{"index":"index","follow":"follow","max-snippet":"max-snippet:-1","max-image-preview":"max-image-preview:large","max-video-preview":"max-video-preview:-1"},"canonical":"https:\/\/www.quinchobarrilete.org.ni\/es\/primera-entrega-de-utiles-escolares-y-calzado-a-nna-2022\/","og_locale":"es_ES","og_type":"article","og_title":"\u00daTILES ESCOLARES Y CALZADO ENTREGADOS EN LA ASOCIACI\u00d3N QUINCHO BARRILETE 2022 - Asociaci\u00f3n Quincho Barrilete","og_description":"La donaci\u00f3n del paquete escolar se hace dos veces al a\u00f1o y forma parte de las distintas acciones que la Asociaci\u00f3n Quincho Barrilete (AQB) ejecuta para continuar trabajando por el bienestar e integraci\u00f3n de Ni\u00f1os, Ni\u00f1as y Adolescentes (NNA) en riesgo.","og_url":"https:\/\/www.quinchobarrilete.org.ni\/es\/primera-entrega-de-utiles-escolares-y-calzado-a-nna-2022\/","og_site_name":"Asociaci\u00f3n Quincho Barrilete","article_publisher":"https:\/\/www.facebook.com\/asociacionquinchobarrileteorg\/","article_published_time":"2022-03-01T21:21:27+00:00","article_modified_time":"2023-09-29T16:19:22+00:00","og_image":[{"url":"http:\/\/www.quinchobarrilete.org.ni\/wp-content\/uploads\/2022\/03\/WhatsApp-Image-2022-02-02-at-1.15.24-PM.jpeg","type":"","width":"","height":""}],"author":"WebQuincho","twitter_card":"summary_large_image","twitter_creator":"@aqbarrilete","twitter_site":"@aqbarrilete","twitter_misc":{"Escrito por":"WebQuincho","Tiempo de lectura":"1 minuto"},"schema":{"@context":"https:\/\/schema.org","@graph":[{"@type":"Article","@id":"https:\/\/www.quinchobarrilete.org.ni\/es\/primera-entrega-de-utiles-escolares-y-calzado-a-nna-2022\/#article","isPartOf":{"@id":"https:\/\/www.quinchobarrilete.org.ni\/es\/primera-entrega-de-utiles-escolares-y-calzado-a-nna-2022\/"},"author":{"name":"WebQuincho","@id":"https:\/\/www.quinchobarrilete.org.ni\/es\/#\/schema\/person\/44994a256bea95d432fc253b16914bbf"},"headline":"\u00daTILES ESCOLARES Y CALZADO ENTREGADOS EN LA ASOCIACI\u00d3N QUINCHO BARRILETE 2022","datePublished":"2022-03-01T21:21:27+00:00","dateModified":"2023-09-29T16:19:22+00:00","mainEntityOfPage":{"@id":"https:\/\/www.quinchobarrilete.org.ni\/es\/primera-entrega-de-utiles-escolares-y-calzado-a-nna-2022\/"},"wordCount":153,"commentCount":0,"publisher":{"@id":"https:\/\/www.quinchobarrilete.org.ni\/es\/#organization"},"image":{"@id":"https:\/\/www.quinchobarrilete.org.ni\/es\/primera-entrega-de-utiles-escolares-y-calzado-a-nna-2022\/#primaryimage"},"thumbnailUrl":"http:\/\/www.quinchobarrilete.org.ni\/wp-content\/uploads\/2022\/03\/WhatsApp-Image-2022-02-02-at-1.15.24-PM.jpeg","articleSection":["Derechos"],"inLanguage":"es","potentialAction":[{"@type":"CommentAction","name":"Comment","target":["https:\/\/www.quinchobarrilete.org.ni\/es\/primera-entrega-de-utiles-escolares-y-calzado-a-nna-2022\/#respond"]}]},{"@type":"WebPage","@id":"https:\/\/www.quinchobarrilete.org.ni\/es\/primera-entrega-de-utiles-escolares-y-calzado-a-nna-2022\/","url":"https:\/\/www.quinchobarrilete.org.ni\/es\/primera-entrega-de-utiles-escolares-y-calzado-a-nna-2022\/","name":"\u00daTILES ESCOLARES Y CALZADO ENTREGADOS EN LA ASOCIACI\u00d3N QUINCHO BARRILETE 2022 - Asociaci\u00f3n Quincho Barrilete","isPartOf":{"@id":"https:\/\/www.quinchobarrilete.org.ni\/es\/#website"},"primaryImageOfPage":{"@id":"https:\/\/www.quinchobarrilete.org.ni\/es\/primera-entrega-de-utiles-escolares-y-calzado-a-nna-2022\/#primaryimage"},"image":{"@id":"https:\/\/www.quinchobarrilete.org.ni\/es\/primera-entrega-de-utiles-escolares-y-calzado-a-nna-2022\/#primaryimage"},"thumbnailUrl":"http:\/\/www.quinchobarrilete.org.ni\/wp-content\/uploads\/2022\/03\/WhatsApp-Image-2022-02-02-at-1.15.24-PM.jpeg","datePublished":"2022-03-01T21:21:27+00:00","dateModified":"2023-09-29T16:19:22+00:00","breadcrumb":{"@id":"https:\/\/www.quinchobarrilete.org.ni\/es\/primera-entrega-de-utiles-escolares-y-calzado-a-nna-2022\/#breadcrumb"},"inLanguage":"es","potentialAction":[{"@type":"ReadAction","target":["https:\/\/www.quinchobarrilete.org.ni\/es\/primera-entrega-de-utiles-escolares-y-calzado-a-nna-2022\/"]}]},{"@type":"ImageObject","inLanguage":"es","@id":"https:\/\/www.quinchobarrilete.org.ni\/es\/primera-entrega-de-utiles-escolares-y-calzado-a-nna-2022\/#primaryimage","url":"http:\/\/www.quinchobarrilete.org.ni\/wp-content\/uploads\/2022\/03\/WhatsApp-Image-2022-02-02-at-1.15.24-PM.jpeg","contentUrl":"http:\/\/www.quinchobarrilete.org.ni\/wp-content\/uploads\/2022\/03\/WhatsApp-Image-2022-02-02-at-1.15.24-PM.jpeg"},{"@type":"BreadcrumbList","@id":"https:\/\/www.quinchobarrilete.org.ni\/es\/primera-entrega-de-utiles-escolares-y-calzado-a-nna-2022\/#breadcrumb","itemListElement":[{"@type":"ListItem","position":1,"name":"Portada","item":"https:\/\/www.quinchobarrilete.org.ni\/"},{"@type":"ListItem","position":2,"name":"\u00daTILES ESCOLARES Y CALZADO ENTREGADOS EN LA ASOCIACI\u00d3N QUINCHO BARRILETE 2022"}]},{"@type":"WebSite","@id":"https:\/\/www.quinchobarrilete.org.ni\/es\/#website","url":"https:\/\/www.quinchobarrilete.org.ni\/es\/","name":"Asociaci\u00f3n Quincho Barrilete","description":"Una Organizaci\u00f3n no gubernamental sin fines de lucro","publisher":{"@id":"https:\/\/www.quinchobarrilete.org.ni\/es\/#organization"},"alternateName":"Quincho","potentialAction":[{"@type":"SearchAction","target":{"@type":"EntryPoint","urlTemplate":"https:\/\/www.quinchobarrilete.org.ni\/es\/?s={search_term_string}"},"query-input":{"@type":"PropertyValueSpecification","valueRequired":true,"valueName":"search_term_string"}}],"inLanguage":"es"},{"@type":"Organization","@id":"https:\/\/www.quinchobarrilete.org.ni\/es\/#organization","name":"Asociaci\u00f3n Quincho Barrilete","url":"https:\/\/www.quinchobarrilete.org.ni\/es\/","logo":{"@type":"ImageObject","inLanguage":"es","@id":"https:\/\/www.quinchobarrilete.org.ni\/es\/#\/schema\/logo\/image\/","url":"https:\/\/www.quinchobarrilete.org.ni\/wp-content\/uploads\/2025\/01\/logo-2025-33anos-2-removebg-preview.png","contentUrl":"https:\/\/www.quinchobarrilete.org.ni\/wp-content\/uploads\/2025\/01\/logo-2025-33anos-2-removebg-preview.png","width":500,"height":500,"caption":"Asociaci\u00f3n Quincho Barrilete"},"image":{"@id":"https:\/\/www.quinchobarrilete.org.ni\/es\/#\/schema\/logo\/image\/"},"sameAs":["https:\/\/www.facebook.com\/asociacionquinchobarrileteorg\/","https:\/\/x.com\/aqbarrilete"]},{"@type":"Person","@id":"https:\/\/www.quinchobarrilete.org.ni\/es\/#\/schema\/person\/44994a256bea95d432fc253b16914bbf","name":"WebQuincho","image":{"@type":"ImageObject","inLanguage":"es","@id":"https:\/\/www.quinchobarrilete.org.ni\/es\/#\/schema\/person\/image\/","url":"https:\/\/secure.gravatar.com\/avatar\/94816127a9f3c0cd65e06d43d253c6ead978b56712f77d747a3092d5d775faaf?s=96&d=mm&r=g","contentUrl":"https:\/\/secure.gravatar.com\/avatar\/94816127a9f3c0cd65e06d43d253c6ead978b56712f77d747a3092d5d775faaf?s=96&d=mm&r=g","caption":"WebQuincho"},"sameAs":["http:\/\/www.quinchobarrilete.org.ni"],"url":"https:\/\/www.quinchobarrilete.org.ni\/es\/author\/webquincho\/"}]}},"_links":{"self":[{"href":"https:\/\/www.quinchobarrilete.org.ni\/es\/wp-json\/wp\/v2\/posts\/1793","targetHints":{"allow":["GET"]}}],"collection":[{"href":"https:\/\/www.quinchobarrilete.org.ni\/es\/wp-json\/wp\/v2\/posts"}],"about":[{"href":"https:\/\/www.quinchobarrilete.org.ni\/es\/wp-json\/wp\/v2\/types\/post"}],"author":[{"embeddable":true,"href":"https:\/\/www.quinchobarrilete.org.ni\/es\/wp-json\/wp\/v2\/users\/1"}],"replies":[{"embeddable":true,"href":"https:\/\/www.quinchobarrilete.org.ni\/es\/wp-json\/wp\/v2\/comments?post=1793"}],"version-history":[{"count":0,"href":"https:\/\/www.quinchobarrilete.org.ni\/es\/wp-json\/wp\/v2\/posts\/1793\/revisions"}],"wp:attachment":[{"href":"https:\/\/www.quinchobarrilete.org.ni\/es\/wp-json\/wp\/v2\/media?parent=1793"}],"wp:term":[{"taxonomy":"category","embeddable":true,"href":"https:\/\/www.quinchobarrilete.org.ni\/es\/wp-json\/wp\/v2\/categories?post=1793"},{"taxonomy":"post_tag","embeddable":true,"href":"https:\/\/www.quinchobarrilete.org.ni\/es\/wp-json\/wp\/v2\/tags?post=1793"}],"curies":[{"name":"wp","href":"https:\/\/api.w.org\/{rel}","templated":true}]}}